{"id":6595,"date":"2022-06-20T09:00:58","date_gmt":"2022-06-20T07:00:58","guid":{"rendered":"https:\/\/agora.xtec.cat\/escolapacocandel\/?p=6595"},"modified":"2023-11-09T13:49:09","modified_gmt":"2023-11-09T12:49:09","slug":"tallers-families","status":"publish","type":"post","link":"https:\/\/agora.xtec.cat\/escolapacocandel\/general\/tallers-families\/","title":{"rendered":"Tallers fam\u00edlies Infantil"},"content":{"rendered":"<p><strong><em>&#8220;Les coses dels infants i per als infants, s&#8217;aprenen sols dels infants&#8221;.\u00a0 \u00a0Loris Malaguzzi<\/em><\/strong><\/p>\n<p>Despr\u00e9s d&#8217;aquests dies de tallers acompanyant als vostres fills i filles on hem pogut gaudir tots junts, circular per l&#8217;escola com feia temps que no ho f\u00e8iem, compartint propostes i moments de jocs amb els m\u00e9s petits, descobriments de l&#8217;entorn amb la fam\u00edlia, mirades de complicitat i riures&#8230; nom\u00e9s podem dir-vos GR\u00c0CIES per estar.<\/p>\n<p>Esperem que h\u00e0giu gaudit tant com nosaltres, i per guardar aquests moments a la retina, aqu\u00ed us deixem un recull de <a href=\"https:\/\/agora.xtec.cat\/escolapacocandel\/general\/tallers-families-fotos\">fotos<\/a> de cada nivell.<\/p>\n<p><a href=\"https:\/\/agora.xtec.cat\/escolapacocandel\/wp-content\/uploads\/usu332\/2022\/06\/dibuix-2.png\"><img loading=\"lazy\" decoding=\"async\" class=\"alignnone size-full wp-image-6597\" src=\"https:\/\/agora.xtec.cat\/escolapacocandel\/wp-content\/uploads\/usu332\/2022\/06\/dibuix-2.png\" alt=\"\" width=\"444\" height=\"592\" srcset=\"https:\/\/agora.xtec.cat\/escolapacocandel\/wp-content\/uploads\/usu332\/2022\/06\/dibuix-2.png 444w, https:\/\/agora.xtec.cat\/escolapacocandel\/wp-content\/uploads\/usu332\/2022\/06\/dibuix-2-225x300.png 225w\" sizes=\"auto, (max-width: 444px) 100vw, 444px\" \/><\/a><\/p>\n<p>&nbsp;<\/p>\n","protected":false},"excerpt":{"rendered":"<p>&#8220;Les coses dels infants i per als infants, s&#8217;aprenen sols dels infants&#8221;.\u00a0 \u00a0Loris Malaguzzi<br \/>\nDespr\u00e9s d&#8217;aquests dies de tallers acompanyant als vostres fills i filles on hem pogut gaudir tots junts, circular per l&#8217;escola com feia temps que no ho f\u00e8iem, compartint propostes i moments de&hellip;  <a href=\"https:\/\/agora.xtec.cat\/escolapacocandel\/general\/tallers-families\/\" title=\"Read Tallers fam\u00edlies Infantil\">Llegeix m\u00e9s\u00bb<\/a><\/p>\n","protected":false},"author":1,"featured_media":6596,"comment_status":"open","ping_status":"closed","sticky":false,"template":"","format":"standard","meta":{"_bbp_topic_count":0,"_bbp_reply_count":0,"_bbp_total_topic_count":0,"_bbp_total_reply_count":0,"_bbp_voice_count":0,"_bbp_anonymous_reply_count":0,"_bbp_topic_count_hidden":0,"_bbp_reply_count_hidden":0,"_bbp_forum_subforum_count":0,"footnotes":""},"categories":[182,183,128,1],"tags":[126,89],"class_list":["post-6595","post","type-post","status-publish","format-standard","has-post-thumbnail","hentry","category-3-anys","category-4-anys","category-comunitat-de-petits","category-general","tag-families","tag-tallers"],"post_mailing_queue_ids":[],"_links":{"self":[{"href":"https:\/\/agora.xtec.cat\/escolapacocandel\/wp-json\/wp\/v2\/posts\/6595","targetHints":{"allow":["GET"]}}],"collection":[{"href":"https:\/\/agora.xtec.cat\/escolapacocandel\/wp-json\/wp\/v2\/posts"}],"about":[{"href":"https:\/\/agora.xtec.cat\/escolapacocandel\/wp-json\/wp\/v2\/types\/post"}],"author":[{"embeddable":true,"href":"https:\/\/agora.xtec.cat\/escolapacocandel\/wp-json\/wp\/v2\/users\/1"}],"replies":[{"embeddable":true,"href":"https:\/\/agora.xtec.cat\/escolapacocandel\/wp-json\/wp\/v2\/comments?post=6595"}],"version-history":[{"count":2,"href":"https:\/\/agora.xtec.cat\/escolapacocandel\/wp-json\/wp\/v2\/posts\/6595\/revisions"}],"predecessor-version":[{"id":6601,"href":"https:\/\/agora.xtec.cat\/escolapacocandel\/wp-json\/wp\/v2\/posts\/6595\/revisions\/6601"}],"wp:featuredmedia":[{"embeddable":true,"href":"https:\/\/agora.xtec.cat\/escolapacocandel\/wp-json\/wp\/v2\/media\/6596"}],"wp:attachment":[{"href":"https:\/\/agora.xtec.cat\/escolapacocandel\/wp-json\/wp\/v2\/media?parent=6595"}],"wp:term":[{"taxonomy":"category","embeddable":true,"href":"https:\/\/agora.xtec.cat\/escolapacocandel\/wp-json\/wp\/v2\/categories?post=6595"},{"taxonomy":"post_tag","embeddable":true,"href":"https:\/\/agora.xtec.cat\/escolapacocandel\/wp-json\/wp\/v2\/tags?post=6595"}],"curies":[{"name":"wp","href":"https:\/\/api.w.org\/{rel}","templated":true}]}}