{"id":6576,"date":"2022-06-13T14:42:48","date_gmt":"2022-06-13T12:42:48","guid":{"rendered":"https:\/\/agora.xtec.cat\/escolapacocandel\/?p=6576"},"modified":"2024-01-31T18:40:06","modified_gmt":"2024-01-31T17:40:06","slug":"colonies-4t","status":"publish","type":"post","link":"https:\/\/agora.xtec.cat\/escolapacocandel\/comunitat-de-grans\/colonies-4t\/","title":{"rendered":"Col\u00f2nies 4t!!!"},"content":{"rendered":"<p>Aiiiix!<\/p>\n<p>Ja les tenim aqu\u00ed, el s\u00faper recull de fotografies i v\u00eddeos per recordar sempre aquest moment viscut i tan esperat: les col\u00f2nies de 4t!\u00a0Vam passar 3 dies espectaculars a la casa de col\u00f2nies El Company, a Vilanova de Sau.<\/p>\n<p>Per fi vam conviure en comunitat tots els infants de 4t, sense importar de quina classe som, si portem mascareta o no, etc&#8230; nom\u00e9s hav\u00edem de preocupar-nos d&#8217;una sola cosa: PASSAR-HO\u00a0 B\u00c9! I creieu-nos que aix\u00ed va ser: fent caiac, bosc vertical, curses d&#8217;orientaci\u00f3, estones de piscina, jocs de nit, discoteca party&#8230;! Vist aix\u00ed, no era dif\u00edcil oi?<\/p>\n<p>Gaudiu d&#8217;aquest resum d&#8217;imatges i mireu-lo en fam\u00edlia per recordar tots els moments viscuts!<\/p>\n<p>&nbsp;<\/p>\n<blockquote class=\"wp-embedded-content\" data-secret=\"1iqjw7ccTi\"><p><a href=\"https:\/\/agora.xtec.cat\/escolapacocandel\/fotos-privat\/foto-colonies\/\">Foto col\u00f2nies<\/a><\/p><\/blockquote>\n<p><iframe loading=\"lazy\" class=\"wp-embedded-content\" sandbox=\"allow-scripts\" security=\"restricted\" style=\"position: absolute; clip: rect(1px, 1px, 1px, 1px);\" title=\"&#8220;Foto col\u00f2nies&#8221; &#8212; Escola Paco Candel\" src=\"https:\/\/agora.xtec.cat\/escolapacocandel\/fotos-privat\/foto-colonies\/embed\/#?secret=9QNrL7QYtN#?secret=1iqjw7ccTi\" data-secret=\"1iqjw7ccTi\" width=\"500\" height=\"282\" frameborder=\"0\" marginwidth=\"0\" marginheight=\"0\" scrolling=\"no\"><\/iframe><\/p>\n<p>&nbsp;<\/p>\n","protected":false},"excerpt":{"rendered":"<p>Aiiiix!<br \/>\nJa les tenim aqu\u00ed, el s\u00faper recull de fotografies i v\u00eddeos per recordar sempre aquest moment viscut i tan esperat: les col\u00f2nies de 4t!\u00a0Vam passar 3 dies espectaculars a la casa de col\u00f2nies El Company, a Vilanova de Sau.<br \/>\nPer fi vam conviure en comunitat tots&hellip;  <a href=\"https:\/\/agora.xtec.cat\/escolapacocandel\/comunitat-de-grans\/colonies-4t\/\" title=\"Read Col\u00f2nies 4t!!!\">Llegeix m\u00e9s\u00bb<\/a><\/p>\n","protected":false},"author":27,"featured_media":0,"comment_status":"open","ping_status":"closed","sticky":false,"template":"","format":"standard","meta":{"_bbp_topic_count":0,"_bbp_reply_count":0,"_bbp_total_topic_count":0,"_bbp_total_reply_count":0,"_bbp_voice_count":0,"_bbp_anonymous_reply_count":0,"_bbp_topic_count_hidden":0,"_bbp_reply_count_hidden":0,"_bbp_forum_subforum_count":0,"footnotes":""},"categories":[129,143],"tags":[125],"class_list":["post-6576","post","type-post","status-publish","format-standard","hentry","category-comunitat-de-grans","category-4t","tag-colonies"],"post_mailing_queue_ids":[],"_links":{"self":[{"href":"https:\/\/agora.xtec.cat\/escolapacocandel\/wp-json\/wp\/v2\/posts\/6576","targetHints":{"allow":["GET"]}}],"collection":[{"href":"https:\/\/agora.xtec.cat\/escolapacocandel\/wp-json\/wp\/v2\/posts"}],"about":[{"href":"https:\/\/agora.xtec.cat\/escolapacocandel\/wp-json\/wp\/v2\/types\/post"}],"author":[{"embeddable":true,"href":"https:\/\/agora.xtec.cat\/escolapacocandel\/wp-json\/wp\/v2\/users\/27"}],"replies":[{"embeddable":true,"href":"https:\/\/agora.xtec.cat\/escolapacocandel\/wp-json\/wp\/v2\/comments?post=6576"}],"version-history":[{"count":2,"href":"https:\/\/agora.xtec.cat\/escolapacocandel\/wp-json\/wp\/v2\/posts\/6576\/revisions"}],"predecessor-version":[{"id":6580,"href":"https:\/\/agora.xtec.cat\/escolapacocandel\/wp-json\/wp\/v2\/posts\/6576\/revisions\/6580"}],"wp:attachment":[{"href":"https:\/\/agora.xtec.cat\/escolapacocandel\/wp-json\/wp\/v2\/media?parent=6576"}],"wp:term":[{"taxonomy":"category","embeddable":true,"href":"https:\/\/agora.xtec.cat\/escolapacocandel\/wp-json\/wp\/v2\/categories?post=6576"},{"taxonomy":"post_tag","embeddable":true,"href":"https:\/\/agora.xtec.cat\/escolapacocandel\/wp-json\/wp\/v2\/tags?post=6576"}],"curies":[{"name":"wp","href":"https:\/\/api.w.org\/{rel}","templated":true}]}}