{"id":6550,"date":"2022-06-10T12:03:55","date_gmt":"2022-06-10T10:03:55","guid":{"rendered":"https:\/\/agora.xtec.cat\/escolapacocandel\/?p=6550"},"modified":"2024-01-31T18:17:01","modified_gmt":"2024-01-31T17:17:01","slug":"colonies-2n","status":"publish","type":"post","link":"https:\/\/agora.xtec.cat\/escolapacocandel\/comunitat-de-mitjans\/colonies-2n\/","title":{"rendered":"Col\u00f2nies 2n!"},"content":{"rendered":"<p>Els passats 30 i 31 de maig vam poder anar, per fi, de col\u00f2nies al Pinatar!! Est\u00e0vem s\u00faper emocionades i emocionats per poder marxar i gaudir, finalment d&#8217;aquesta experi\u00e8ncia que encara no hav\u00edem tingut l&#8217;oportunitat de viure.<a href=\"https:\/\/agora.xtec.cat\/escolapacocandel\/wp-content\/uploads\/usu332\/2022\/06\/IMG_3388-1.jpg\"><img loading=\"lazy\" decoding=\"async\" class=\"size-medium wp-image-6552 alignright\" src=\"https:\/\/agora.xtec.cat\/escolapacocandel\/wp-content\/uploads\/usu332\/2022\/06\/IMG_3388-1-225x300.jpg\" alt=\"\" width=\"225\" height=\"300\" srcset=\"https:\/\/agora.xtec.cat\/escolapacocandel\/wp-content\/uploads\/usu332\/2022\/06\/IMG_3388-1-225x300.jpg 225w, https:\/\/agora.xtec.cat\/escolapacocandel\/wp-content\/uploads\/usu332\/2022\/06\/IMG_3388-1.jpg 686w\" sizes=\"auto, (max-width: 225px) 100vw, 225px\" \/><\/a><\/p>\n<p>Ens ho vam passar genial i vam poder compartir la viv\u00e8ncia amb els infants de les classes de 5 anys de l&#8217;escola.<\/p>\n<p>Us deixem un recull de fotografies i un v\u00eddeo resum de la nostra estada!!<\/p>\n<blockquote class=\"wp-embedded-content\" data-secret=\"n4Qo2yYsSP\"><p><a href=\"https:\/\/agora.xtec.cat\/escolapacocandel\/general\/fotos-i-video-colonies\/\">Protegit: Fotos i v\u00eddeo col\u00f2nies!! \ud83d\ude42<\/a><\/p><\/blockquote>\n<p><iframe loading=\"lazy\" class=\"wp-embedded-content\" sandbox=\"allow-scripts\" security=\"restricted\" style=\"position: absolute; clip: rect(1px, 1px, 1px, 1px);\" title=\"&#8220;Protegit: Fotos i v\u00eddeo col\u00f2nies!! :)&#8221; &#8212; Escola Paco Candel\" src=\"https:\/\/agora.xtec.cat\/escolapacocandel\/general\/fotos-i-video-colonies\/embed\/#?secret=7vyB06Caoi#?secret=n4Qo2yYsSP\" data-secret=\"n4Qo2yYsSP\" width=\"500\" height=\"282\" frameborder=\"0\" marginwidth=\"0\" marginheight=\"0\" scrolling=\"no\"><\/iframe><\/p>\n<p>&nbsp;<\/p>\n","protected":false},"excerpt":{"rendered":"<p>Els passats 30 i 31 de maig vam poder anar, per fi, de col\u00f2nies al Pinatar!! Est\u00e0vem s\u00faper emocionades i emocionats per poder marxar i gaudir, finalment d&#8217;aquesta experi\u00e8ncia que encara no hav\u00edem tingut l&#8217;oportunitat de viure.<a href=\"https:\/\/agora.xtec.cat\/escolapacocandel\/wp-content\/uploads\/usu332\/2022\/06\/IMG_3388-1.jpg\"><\/a><br \/>\nEns ho vam passar genial i vam poder&hellip;  <a href=\"https:\/\/agora.xtec.cat\/escolapacocandel\/comunitat-de-mitjans\/colonies-2n\/\" title=\"Read Col\u00f2nies 2n!\">Llegeix m\u00e9s\u00bb<\/a><\/p>\n","protected":false},"author":14,"featured_media":6552,"comment_status":"open","ping_status":"closed","sticky":false,"template":"","format":"standard","meta":{"_bbp_topic_count":0,"_bbp_reply_count":0,"_bbp_total_topic_count":0,"_bbp_total_reply_count":0,"_bbp_voice_count":0,"_bbp_anonymous_reply_count":0,"_bbp_topic_count_hidden":0,"_bbp_reply_count_hidden":0,"_bbp_forum_subforum_count":0,"footnotes":""},"categories":[127,137],"tags":[92],"class_list":["post-6550","post","type-post","status-publish","format-standard","has-post-thumbnail","hentry","category-comunitat-de-mitjans","category-2n","tag-sortides"],"post_mailing_queue_ids":[],"_links":{"self":[{"href":"https:\/\/agora.xtec.cat\/escolapacocandel\/wp-json\/wp\/v2\/posts\/6550","targetHints":{"allow":["GET"]}}],"collection":[{"href":"https:\/\/agora.xtec.cat\/escolapacocandel\/wp-json\/wp\/v2\/posts"}],"about":[{"href":"https:\/\/agora.xtec.cat\/escolapacocandel\/wp-json\/wp\/v2\/types\/post"}],"author":[{"embeddable":true,"href":"https:\/\/agora.xtec.cat\/escolapacocandel\/wp-json\/wp\/v2\/users\/14"}],"replies":[{"embeddable":true,"href":"https:\/\/agora.xtec.cat\/escolapacocandel\/wp-json\/wp\/v2\/comments?post=6550"}],"version-history":[{"count":1,"href":"https:\/\/agora.xtec.cat\/escolapacocandel\/wp-json\/wp\/v2\/posts\/6550\/revisions"}],"predecessor-version":[{"id":6556,"href":"https:\/\/agora.xtec.cat\/escolapacocandel\/wp-json\/wp\/v2\/posts\/6550\/revisions\/6556"}],"wp:featuredmedia":[{"embeddable":true,"href":"https:\/\/agora.xtec.cat\/escolapacocandel\/wp-json\/wp\/v2\/media\/6552"}],"wp:attachment":[{"href":"https:\/\/agora.xtec.cat\/escolapacocandel\/wp-json\/wp\/v2\/media?parent=6550"}],"wp:term":[{"taxonomy":"category","embeddable":true,"href":"https:\/\/agora.xtec.cat\/escolapacocandel\/wp-json\/wp\/v2\/categories?post=6550"},{"taxonomy":"post_tag","embeddable":true,"href":"https:\/\/agora.xtec.cat\/escolapacocandel\/wp-json\/wp\/v2\/tags?post=6550"}],"curies":[{"name":"wp","href":"https:\/\/api.w.org\/{rel}","templated":true}]}}