{"id":6517,"date":"2022-06-03T12:03:10","date_gmt":"2022-06-03T10:03:10","guid":{"rendered":"https:\/\/agora.xtec.cat\/escolapacocandel\/?p=6517"},"modified":"2023-11-09T13:48:55","modified_gmt":"2023-11-09T12:48:55","slug":"fotos-i4-al-torrent-de-colobrers-1-de-juny","status":"publish","type":"post","link":"https:\/\/agora.xtec.cat\/escolapacocandel\/comunitat-de-petits\/fotos-i4-al-torrent-de-colobrers-1-de-juny\/","title":{"rendered":"Sortida I4 al Torrent de Colobrers (1 de juny)"},"content":{"rendered":"<p style=\"text-align: justify;\">El passat dimecres 1 de juny, els nens i les nenes dels grups de 4 anys, &#8220;Tortugues i Cavalls&#8221;, van anar al Torrent de Colobrers per gaudir de l&#8217;entorn natural en molt bona companyia. I \u00e9s que el Torrent amaga raconets meravellosos amb qu\u00e8 van poder estimular els sentits, tot enriquint les pr\u00f2pies experi\u00e8ncies i les col\u00b7lectives, compartint amb els companys i companyes.<\/p>\n<p style=\"text-align: justify;\">Els infants van gaudir d&#8217;un dia inoblidable, passejant per una ruta a la vora del torrent i fent parades molt interessants, nodrint-se, en tot moment, amb les experi\u00e8ncies sensorials que l&#8217;entorn els va regalar. Van sentir el cant dels ocells, la &#8220;m\u00fasica&#8221; de l&#8217;aigua corrent per les minicascades, el so hipn\u00f2tic de les gotetes que queien entre les roques plenes de molsa, les olors de cadascun dels raconets&#8230; Mentre feien el recorregut, van poder contemplar l&#8217;espectacle visual del paisatge, observar el vol de papallones i d&#8217;altres insectes, descobrir una bassa, coves, rampes i tobogans naturals i d&#8217;altres petits espais amb encant&#8230;<\/p>\n<p style=\"text-align: justify;\">Els &#8220;Cavalls i les Tortugues&#8221;\u00a0 caminaven com a aut\u00e8ntics excursionistes, entre la vegetaci\u00f3, per camins estrets, passant per ponts de fusta, travessant el torrent sobre les roques, en definitiva, posant a prova el propi cos i superant tot un seguit de reptes motrius.<\/p>\n<p style=\"text-align: justify;\">I, camina que caminar\u00e0s, va arribar el gran moment esperat per tots i totes: poder mullar-se els peus a l&#8217;aigua del torrent!! Mentre notaven les sensacions que els produ\u00efa el primer contacte amb l&#8217;aigua, els seus gestos manifestaven emoci\u00f3 i alegria, i, entre rialles, anaven expressant &#8220;Ai, qu\u00e8 freda!!&#8221;, &#8220;Est\u00e0 congelada!&#8221;&#8230; Van continuar explorant l&#8217;entorn des de dins del torrent, jugant amb els diferentes elements naturals que s&#8217;anaven trobant. A cada pas, els hi anava sorprenent altres sensacions produ\u00efdes en caminar descal\u00e7os i descalces pel riu, notant aix\u00ed els contrastos de fer-ho per diferents textures, ja fos per sobre les pedres dures, per la sorra o b\u00e9 sobre les fulles de l&#8217;exterior. De la mateixa manera, van poder sentir diverses temperatures, passant de trepitjar el terra i les fulles escalfades al sol, a la sorra ja fresqueta de la vora del riu i fins arribar a l&#8217;aigua freda del torrent &#8230;<\/p>\n<p style=\"text-align: justify;\">Un passeig ple d&#8217;aventures i d&#8217;hist\u00f2ries compartides amb els amics i amigues, en un paisatge id\u00edl\u00b7lic, on van poder gaudir de la que ha estat la darrera sortida del curs. Un espai natural privilegiat i ideal per a les descobertes i aprenentatges dels infants, tot partint de l&#8217;observaci\u00f3 i l&#8217;exploraci\u00f3 sensorial, aix\u00ed com del moviment i el joc espontani dels infants.<\/p>\n<p>\u00a0 \u00a0 \u00a0 \u00a0 \u00a0 \u00a0 \u00a0 \u00a0 \u00a0 \u00a0 \u00a0 \u00a0 \u00a0 \u00a0 \u00a0 \u00a0 <a href=\"https:\/\/agora.xtec.cat\/escolapacocandel\/wp-content\/uploads\/usu332\/2022\/06\/1654234026363-bo-rotated.jpg\"><img loading=\"lazy\" decoding=\"async\" class=\"alignnone wp-image-6520\" src=\"https:\/\/agora.xtec.cat\/escolapacocandel\/wp-content\/uploads\/usu332\/2022\/06\/1654234026363-bo-768x1024.jpg\" alt=\"\" width=\"300\" height=\"400\" srcset=\"https:\/\/agora.xtec.cat\/escolapacocandel\/wp-content\/uploads\/usu332\/2022\/06\/1654234026363-bo-768x1024.jpg 768w, https:\/\/agora.xtec.cat\/escolapacocandel\/wp-content\/uploads\/usu332\/2022\/06\/1654234026363-bo-225x300.jpg 225w, https:\/\/agora.xtec.cat\/escolapacocandel\/wp-content\/uploads\/usu332\/2022\/06\/1654234026363-bo-1152x1536.jpg 1152w, https:\/\/agora.xtec.cat\/escolapacocandel\/wp-content\/uploads\/usu332\/2022\/06\/1654234026363-bo-rotated.jpg 1254w\" sizes=\"auto, (max-width: 300px) 100vw, 300px\" \/><\/a> \u00a0 \u00a0 \u00a0 \u00a0 <a href=\"https:\/\/agora.xtec.cat\/escolapacocandel\/wp-content\/uploads\/usu332\/2022\/06\/1654234025879-bo.jpg\"><img loading=\"lazy\" decoding=\"async\" class=\"alignnone wp-image-6521\" src=\"https:\/\/agora.xtec.cat\/escolapacocandel\/wp-content\/uploads\/usu332\/2022\/06\/1654234025879-bo-1024x768.jpg\" alt=\"\" width=\"538\" height=\"403\" srcset=\"https:\/\/agora.xtec.cat\/escolapacocandel\/wp-content\/uploads\/usu332\/2022\/06\/1654234025879-bo-1024x768.jpg 1024w, https:\/\/agora.xtec.cat\/escolapacocandel\/wp-content\/uploads\/usu332\/2022\/06\/1654234025879-bo-300x225.jpg 300w, https:\/\/agora.xtec.cat\/escolapacocandel\/wp-content\/uploads\/usu332\/2022\/06\/1654234025879-bo-768x576.jpg 768w, https:\/\/agora.xtec.cat\/escolapacocandel\/wp-content\/uploads\/usu332\/2022\/06\/1654234025879-bo-1536x1152.jpg 1536w, https:\/\/agora.xtec.cat\/escolapacocandel\/wp-content\/uploads\/usu332\/2022\/06\/1654234025879-bo-200x150.jpg 200w, https:\/\/agora.xtec.cat\/escolapacocandel\/wp-content\/uploads\/usu332\/2022\/06\/1654234025879-bo.jpg 1672w\" sizes=\"auto, (max-width: 538px) 100vw, 538px\" \/><\/a><\/p>\n<p>&nbsp;<\/p>\n<p style=\"text-align: justify;\">Per gaudir amb les fotos, clica <a href=\"https:\/\/agora.xtec.cat\/escolapacocandel\/blog-deducacio-infantil\/cavalls\/fotos-torrent-de-colobrers-4-anys\/\">aqu\u00ed<\/a><\/p>\n","protected":false},"excerpt":{"rendered":"<p>El passat dimecres 1 de juny, els nens i les nenes dels grups de 4 anys, &#8220;Tortugues i Cavalls&#8221;, van anar al Torrent de Colobrers per gaudir de l&#8217;entorn natural en molt bona companyia. I \u00e9s que el Torrent amaga raconets meravellosos amb qu\u00e8 van&hellip;  <a href=\"https:\/\/agora.xtec.cat\/escolapacocandel\/comunitat-de-petits\/fotos-i4-al-torrent-de-colobrers-1-de-juny\/\" title=\"Read Sortida I4 al Torrent de Colobrers (1 de juny)\">Llegeix m\u00e9s\u00bb<\/a><\/p>\n","protected":false},"author":1,"featured_media":6520,"comment_status":"open","ping_status":"closed","sticky":false,"template":"","format":"standard","meta":{"_bbp_topic_count":0,"_bbp_reply_count":0,"_bbp_total_topic_count":0,"_bbp_total_reply_count":0,"_bbp_voice_count":0,"_bbp_anonymous_reply_count":0,"_bbp_topic_count_hidden":0,"_bbp_reply_count_hidden":0,"_bbp_forum_subforum_count":0,"footnotes":""},"categories":[182,183,128],"tags":[],"class_list":["post-6517","post","type-post","status-publish","format-standard","has-post-thumbnail","hentry","category-3-anys","category-4-anys","category-comunitat-de-petits"],"post_mailing_queue_ids":[],"_links":{"self":[{"href":"https:\/\/agora.xtec.cat\/escolapacocandel\/wp-json\/wp\/v2\/posts\/6517","targetHints":{"allow":["GET"]}}],"collection":[{"href":"https:\/\/agora.xtec.cat\/escolapacocandel\/wp-json\/wp\/v2\/posts"}],"about":[{"href":"https:\/\/agora.xtec.cat\/escolapacocandel\/wp-json\/wp\/v2\/types\/post"}],"author":[{"embeddable":true,"href":"https:\/\/agora.xtec.cat\/escolapacocandel\/wp-json\/wp\/v2\/users\/1"}],"replies":[{"embeddable":true,"href":"https:\/\/agora.xtec.cat\/escolapacocandel\/wp-json\/wp\/v2\/comments?post=6517"}],"version-history":[{"count":3,"href":"https:\/\/agora.xtec.cat\/escolapacocandel\/wp-json\/wp\/v2\/posts\/6517\/revisions"}],"predecessor-version":[{"id":6525,"href":"https:\/\/agora.xtec.cat\/escolapacocandel\/wp-json\/wp\/v2\/posts\/6517\/revisions\/6525"}],"wp:featuredmedia":[{"embeddable":true,"href":"https:\/\/agora.xtec.cat\/escolapacocandel\/wp-json\/wp\/v2\/media\/6520"}],"wp:attachment":[{"href":"https:\/\/agora.xtec.cat\/escolapacocandel\/wp-json\/wp\/v2\/media?parent=6517"}],"wp:term":[{"taxonomy":"category","embeddable":true,"href":"https:\/\/agora.xtec.cat\/escolapacocandel\/wp-json\/wp\/v2\/categories?post=6517"},{"taxonomy":"post_tag","embeddable":true,"href":"https:\/\/agora.xtec.cat\/escolapacocandel\/wp-json\/wp\/v2\/tags?post=6517"}],"curies":[{"name":"wp","href":"https:\/\/api.w.org\/{rel}","templated":true}]}}