{"id":6508,"date":"2022-06-01T13:00:28","date_gmt":"2022-06-01T11:00:28","guid":{"rendered":"https:\/\/agora.xtec.cat\/escolapacocandel\/?p=6508"},"modified":"2023-11-09T13:49:33","modified_gmt":"2023-11-09T12:49:33","slug":"sortida-3-anys-a-torrent-de-colobrers","status":"publish","type":"post","link":"https:\/\/agora.xtec.cat\/escolapacocandel\/comunitat-de-petits\/sortida-3-anys-a-torrent-de-colobrers\/","title":{"rendered":"Sortida 3 anys a Torrent de Colobrers"},"content":{"rendered":"<div class=\"aju\"><\/div>\n<div class=\"gs\">\n<div>\n<p>Els infants del grup de Tucans i Orenetes, per concloure el mes de maig i amb les sortides del curs han anat a Torrent de Colobrers, podent gaudir de l&#8217;entorn natural \u00a0i sent un lloc idoni pel joc dels infants.<\/p>\n<p>Han iniciat l&#8217;aventura travessant un pont, passant per sobre d&#8217;un riu que tot seguit, pas a pas han anat\u00a0gaudint\u00a0d&#8217;un passeig entre arbres alts plens de fulles verdes, cants d&#8217;ocells, el vol de papallones i de plantes molt diferents.<\/p>\n<p>La gran sorpresa i regal ha estat un petit riu, on l&#8217;aigua corria i podien escoltar el seu so; oferint l&#8217;oportunitat de mullar-se els peus a qui ho ha desitjat. El primer contacte amb l&#8217;aigua, ha estat prudent i vigilant els seus moviments&#8230; &#8220;Qu\u00e9\u00a0freda est\u00e0&#8221; &#8220;Es\u00a0hielo&#8221;, sensacions que rebien i manifestaven verbalment amb emoci\u00f3 i rialles nervioses. Un cop han anat familiaritzant-se, agafant confian\u00e7a i sentint-se c\u00f2modes s&#8217;han mostrat riallers, divertits i animant-se a jugar amb pedres, pals o simplement esquitxant l&#8217;aigua.Un passeig que ens ha ofert frescor, colors vius, sensacions, emocions&#8230; descobrint camins nous i dreceres, tobogans naturals\u00a0,\u00a0una bassa, una cova i un gran Ti\u00f3 amagat al bosc.<\/p>\n<p>Un dia molt especial on s\u2019han despertat i potenciat els sentits, on cadasc\u00fa dels infants ha gaudit i compartit moments plegats que els fan cr\u00e9ixer i sumar experi\u00e8ncies individuals i de grup.<\/p>\n<\/div>\n<div class=\"\">\n<div id=\":yh\" class=\"ii gt\">\n<div id=\":yi\" class=\"a3s aiL \">\n<div>\n<p>Us deixem un tastet de <a href=\"https:\/\/agora.xtec.cat\/escolapacocandel\/fotos-privat\/fotos\/\">fotos.<br \/>\n<\/a><a href=\"https:\/\/agora.xtec.cat\/escolapacocandel\/wp-content\/uploads\/usu332\/2022\/06\/peus.png\"><img loading=\"lazy\" decoding=\"async\" class=\"size-large wp-image-6511 alignright\" src=\"https:\/\/agora.xtec.cat\/escolapacocandel\/wp-content\/uploads\/usu332\/2022\/06\/peus-1024x524.png\" alt=\"\" width=\"1024\" height=\"524\" srcset=\"https:\/\/agora.xtec.cat\/escolapacocandel\/wp-content\/uploads\/usu332\/2022\/06\/peus-1024x524.png 1024w, https:\/\/agora.xtec.cat\/escolapacocandel\/wp-content\/uploads\/usu332\/2022\/06\/peus-300x154.png 300w, https:\/\/agora.xtec.cat\/escolapacocandel\/wp-content\/uploads\/usu332\/2022\/06\/peus-768x393.png 768w, https:\/\/agora.xtec.cat\/escolapacocandel\/wp-content\/uploads\/usu332\/2022\/06\/peus.png 1028w\" sizes=\"auto, (max-width: 1024px) 100vw, 1024px\" \/><\/a><\/p>\n<\/div>\n<\/div>\n<\/div>\n<\/div>\n<\/div>\n","protected":false},"excerpt":{"rendered":"<p>Els infants del grup de Tucans i Orenetes, per concloure el mes de maig i amb les sortides del curs han anat a Torrent de Colobrers, podent gaudir de l&#8217;entorn natural \u00a0i sent un lloc idoni pel joc dels infants.<br \/>\nHan iniciat l&#8217;aventura travessant un pont,&hellip;  <a href=\"https:\/\/agora.xtec.cat\/escolapacocandel\/comunitat-de-petits\/sortida-3-anys-a-torrent-de-colobrers\/\" title=\"Read Sortida 3 anys a Torrent de Colobrers\">Llegeix m\u00e9s\u00bb<\/a><\/p>\n","protected":false},"author":1,"featured_media":6512,"comment_status":"open","ping_status":"closed","sticky":false,"template":"","format":"standard","meta":{"_bbp_topic_count":0,"_bbp_reply_count":0,"_bbp_total_topic_count":0,"_bbp_total_reply_count":0,"_bbp_voice_count":0,"_bbp_anonymous_reply_count":0,"_bbp_topic_count_hidden":0,"_bbp_reply_count_hidden":0,"_bbp_forum_subforum_count":0,"footnotes":""},"categories":[182,128],"tags":[],"class_list":["post-6508","post","type-post","status-publish","format-standard","has-post-thumbnail","hentry","category-3-anys","category-comunitat-de-petits"],"post_mailing_queue_ids":[],"_links":{"self":[{"href":"https:\/\/agora.xtec.cat\/escolapacocandel\/wp-json\/wp\/v2\/posts\/6508","targetHints":{"allow":["GET"]}}],"collection":[{"href":"https:\/\/agora.xtec.cat\/escolapacocandel\/wp-json\/wp\/v2\/posts"}],"about":[{"href":"https:\/\/agora.xtec.cat\/escolapacocandel\/wp-json\/wp\/v2\/types\/post"}],"author":[{"embeddable":true,"href":"https:\/\/agora.xtec.cat\/escolapacocandel\/wp-json\/wp\/v2\/users\/1"}],"replies":[{"embeddable":true,"href":"https:\/\/agora.xtec.cat\/escolapacocandel\/wp-json\/wp\/v2\/comments?post=6508"}],"version-history":[{"count":3,"href":"https:\/\/agora.xtec.cat\/escolapacocandel\/wp-json\/wp\/v2\/posts\/6508\/revisions"}],"predecessor-version":[{"id":6516,"href":"https:\/\/agora.xtec.cat\/escolapacocandel\/wp-json\/wp\/v2\/posts\/6508\/revisions\/6516"}],"wp:featuredmedia":[{"embeddable":true,"href":"https:\/\/agora.xtec.cat\/escolapacocandel\/wp-json\/wp\/v2\/media\/6512"}],"wp:attachment":[{"href":"https:\/\/agora.xtec.cat\/escolapacocandel\/wp-json\/wp\/v2\/media?parent=6508"}],"wp:term":[{"taxonomy":"category","embeddable":true,"href":"https:\/\/agora.xtec.cat\/escolapacocandel\/wp-json\/wp\/v2\/categories?post=6508"},{"taxonomy":"post_tag","embeddable":true,"href":"https:\/\/agora.xtec.cat\/escolapacocandel\/wp-json\/wp\/v2\/tags?post=6508"}],"curies":[{"name":"wp","href":"https:\/\/api.w.org\/{rel}","templated":true}]}}