{"id":6503,"date":"2022-06-13T10:51:14","date_gmt":"2022-06-13T08:51:14","guid":{"rendered":"https:\/\/agora.xtec.cat\/escolapacocandel\/?p=6503"},"modified":"2024-01-31T18:54:25","modified_gmt":"2024-01-31T17:54:25","slug":"colonies-6e-mas-portal","status":"publish","type":"post","link":"https:\/\/agora.xtec.cat\/escolapacocandel\/comunitat-de-grans\/colonies-6e-mas-portal\/","title":{"rendered":"Col\u00f2nies 6\u00e8- Mas Portal"},"content":{"rendered":"<p>Despr\u00e9s de dos anys de pand\u00e8mia, ha arribat el moment m\u00e9s esperat per tots els nens i nenes de 6\u00e8. &#8220;LES COL\u00d2NIES&#8221;.<br \/>\nAquest curs hem vingut a MAS PORTAL, una casa de col\u00f2nies situada a \u00c0ger, prov\u00edncia de Lleida. La masia es troba dins el parc astron\u00f2mic del Montsec. Un entorn privilegiat on observar el paisatge natural de dia i les estrelles i \u00a0els estels de nit.<\/p>\n<p>Els nostres infants han gaudit de la companyia dels seus amics i amigues independentment de la classe on es\u00a0trobaven. Per fi han pogut barrejar-se en tot moment.<br \/>\nLes activitats han estat variades: tirolina, tir amb arc, bosc vertical, cursa d&#8217;orientaci\u00f3, triangular esportiu i escalada.<br \/>\nAquestes activitats es realitzaven al voltant de la casa i en tres grups rotatius. Durant els tres dies, tots els infants han fet les sis activitats.<br \/>\nCada tarda, despr\u00e9s de tanta activitat f\u00edsica, s&#8217;han relaxat a la piscina de la casa de col\u00f2nies.<br \/>\nEl dimarts al mat\u00ed van fer \u00a0l&#8217;activitat de caiac al pant\u00e0 de Terradets, que es\u00a0troba\u00a0al costat de la casa, all\u00e0 a m\u00e9s de l&#8217;activitat f\u00edsica han gaudit\u00a0d&#8217;unes vistes incre\u00efbles dels Pirineus Catalans.<br \/>\nPer acabar, les nits tamb\u00e9 han estat molt productives, la primera van\u00a0fer\u00a0un Joc de nit, i a la segona van ballar molt a la discoteca a l&#8217;aire lliure dinamitzada pels monitors i monitores de Rosa\u00a0dels Vent.<br \/>\nAquests\u00a0tres dies han estat molt intensos, i l&#8217;alumnat de 6\u00e8\u00a0\u00a0ha saltat, ha cridat, ha jugat, ha parlat,\u00a0s&#8217;han emocionat i s&#8217;han acomiadat d&#8217;una etapa. Segur que us explicaran totes les coses boniques que els hi han passat.<\/p>\n<blockquote class=\"wp-embedded-content\" data-secret=\"wuf1LsWXwP\"><p><a href=\"https:\/\/agora.xtec.cat\/escolapacocandel\/fotos-privat\/fotos-colonies-6e\/\">Protegit: FOTOS COL\u00d2NIES 6\u00e8<\/a><\/p><\/blockquote>\n<p><iframe loading=\"lazy\" class=\"wp-embedded-content\" sandbox=\"allow-scripts\" security=\"restricted\" style=\"position: absolute; clip: rect(1px, 1px, 1px, 1px);\" title=\"&#8220;Protegit: FOTOS COL\u00d2NIES 6\u00e8&#8221; &#8212; Escola Paco Candel\" src=\"https:\/\/agora.xtec.cat\/escolapacocandel\/fotos-privat\/fotos-colonies-6e\/embed\/#?secret=DvOE4MuTXj#?secret=wuf1LsWXwP\" data-secret=\"wuf1LsWXwP\" width=\"500\" height=\"282\" frameborder=\"0\" marginwidth=\"0\" marginheight=\"0\" scrolling=\"no\"><\/iframe><\/p>\n","protected":false},"excerpt":{"rendered":"<p>Despr\u00e9s de dos anys de pand\u00e8mia, ha arribat el moment m\u00e9s esperat per tots els nens i nenes de 6\u00e8. &#8220;LES COL\u00d2NIES&#8221;.<br \/>\nAquest curs hem vingut a MAS PORTAL, una casa de col\u00f2nies situada a \u00c0ger, prov\u00edncia de Lleida. La masia es troba dins el parc&hellip;  <a href=\"https:\/\/agora.xtec.cat\/escolapacocandel\/comunitat-de-grans\/colonies-6e-mas-portal\/\" title=\"Read Col\u00f2nies 6\u00e8- Mas Portal\">Llegeix m\u00e9s\u00bb<\/a><\/p>\n","protected":false},"author":26,"featured_media":6569,"comment_status":"open","ping_status":"closed","sticky":false,"template":"","format":"standard","meta":{"_bbp_topic_count":0,"_bbp_reply_count":0,"_bbp_total_topic_count":0,"_bbp_total_reply_count":0,"_bbp_voice_count":0,"_bbp_anonymous_reply_count":0,"_bbp_topic_count_hidden":0,"_bbp_reply_count_hidden":0,"_bbp_forum_subforum_count":0,"footnotes":""},"categories":[129,146],"tags":[],"class_list":["post-6503","post","type-post","status-publish","format-standard","has-post-thumbnail","hentry","category-comunitat-de-grans","category-6e"],"post_mailing_queue_ids":[],"_links":{"self":[{"href":"https:\/\/agora.xtec.cat\/escolapacocandel\/wp-json\/wp\/v2\/posts\/6503","targetHints":{"allow":["GET"]}}],"collection":[{"href":"https:\/\/agora.xtec.cat\/escolapacocandel\/wp-json\/wp\/v2\/posts"}],"about":[{"href":"https:\/\/agora.xtec.cat\/escolapacocandel\/wp-json\/wp\/v2\/types\/post"}],"author":[{"embeddable":true,"href":"https:\/\/agora.xtec.cat\/escolapacocandel\/wp-json\/wp\/v2\/users\/26"}],"replies":[{"embeddable":true,"href":"https:\/\/agora.xtec.cat\/escolapacocandel\/wp-json\/wp\/v2\/comments?post=6503"}],"version-history":[{"count":3,"href":"https:\/\/agora.xtec.cat\/escolapacocandel\/wp-json\/wp\/v2\/posts\/6503\/revisions"}],"predecessor-version":[{"id":6647,"href":"https:\/\/agora.xtec.cat\/escolapacocandel\/wp-json\/wp\/v2\/posts\/6503\/revisions\/6647"}],"wp:featuredmedia":[{"embeddable":true,"href":"https:\/\/agora.xtec.cat\/escolapacocandel\/wp-json\/wp\/v2\/media\/6569"}],"wp:attachment":[{"href":"https:\/\/agora.xtec.cat\/escolapacocandel\/wp-json\/wp\/v2\/media?parent=6503"}],"wp:term":[{"taxonomy":"category","embeddable":true,"href":"https:\/\/agora.xtec.cat\/escolapacocandel\/wp-json\/wp\/v2\/categories?post=6503"},{"taxonomy":"post_tag","embeddable":true,"href":"https:\/\/agora.xtec.cat\/escolapacocandel\/wp-json\/wp\/v2\/tags?post=6503"}],"curies":[{"name":"wp","href":"https:\/\/api.w.org\/{rel}","templated":true}]}}