{"id":6481,"date":"2022-05-31T11:58:28","date_gmt":"2022-05-31T09:58:28","guid":{"rendered":"https:\/\/agora.xtec.cat\/escolapacocandel\/?p=6481"},"modified":"2024-01-31T18:54:35","modified_gmt":"2024-01-31T17:54:35","slug":"reunio-final-de-curs-5eb-2","status":"publish","type":"post","link":"https:\/\/agora.xtec.cat\/escolapacocandel\/comunitat-de-grans\/reunio-final-de-curs-5eb-2\/","title":{"rendered":"Reuni\u00f3 final de curs 5\u00e8B"},"content":{"rendered":"<p>Bona tarda classe de 5\u00e8B. Ahir vau assistir moltes fam\u00edlies a la reuni\u00f3 de final de curs. Per si alguna persona vol tornar a veure els v\u00eddeos o revisar el que vam tractar, us deixem el PowerPoint aqu\u00ed:<\/p>\n<blockquote class=\"wp-embedded-content\" data-secret=\"l0y5iHTGKc\"><p><a href=\"https:\/\/agora.xtec.cat\/escolapacocandel\/fotos-privat\/reunio-final-de-curs-5eb\/\">Protegit: Reuni\u00f3 final de curs 5\u00e8B<\/a><\/p><\/blockquote>\n<p><iframe loading=\"lazy\" class=\"wp-embedded-content\" sandbox=\"allow-scripts\" security=\"restricted\" style=\"position: absolute; clip: rect(1px, 1px, 1px, 1px);\" title=\"&#8220;Protegit: Reuni\u00f3 final de curs 5\u00e8B&#8221; &#8212; Escola Paco Candel\" src=\"https:\/\/agora.xtec.cat\/escolapacocandel\/fotos-privat\/reunio-final-de-curs-5eb\/embed\/#?secret=Iniiq8Egnx#?secret=l0y5iHTGKc\" data-secret=\"l0y5iHTGKc\" width=\"500\" height=\"282\" frameborder=\"0\" marginwidth=\"0\" marginheight=\"0\" scrolling=\"no\"><\/iframe><\/p>\n","protected":false},"excerpt":{"rendered":"<p>Bona tarda classe de 5\u00e8B. Ahir vau assistir moltes fam\u00edlies a la reuni\u00f3 de final de curs. Per si alguna persona vol tornar a veure els v\u00eddeos o revisar el que vam tractar, us deixem el PowerPoint aqu\u00ed:<br \/>\n<a href=\"https:\/\/agora.xtec.cat\/escolapacocandel\/fotos-privat\/reunio-final-de-curs-5eb\/\">Protegit: Reuni\u00f3 final de curs 5\u00e8B<\/a><\/p>\n","protected":false},"author":20,"featured_media":6482,"comment_status":"open","ping_status":"closed","sticky":false,"template":"","format":"standard","meta":{"_bbp_topic_count":0,"_bbp_reply_count":0,"_bbp_total_topic_count":0,"_bbp_total_reply_count":0,"_bbp_voice_count":0,"_bbp_anonymous_reply_count":0,"_bbp_topic_count_hidden":0,"_bbp_reply_count_hidden":0,"_bbp_forum_subforum_count":0,"footnotes":""},"categories":[144,129],"tags":[],"class_list":["post-6481","post","type-post","status-publish","format-standard","has-post-thumbnail","hentry","category-5e","category-comunitat-de-grans"],"post_mailing_queue_ids":[],"_links":{"self":[{"href":"https:\/\/agora.xtec.cat\/escolapacocandel\/wp-json\/wp\/v2\/posts\/6481","targetHints":{"allow":["GET"]}}],"collection":[{"href":"https:\/\/agora.xtec.cat\/escolapacocandel\/wp-json\/wp\/v2\/posts"}],"about":[{"href":"https:\/\/agora.xtec.cat\/escolapacocandel\/wp-json\/wp\/v2\/types\/post"}],"author":[{"embeddable":true,"href":"https:\/\/agora.xtec.cat\/escolapacocandel\/wp-json\/wp\/v2\/users\/20"}],"replies":[{"embeddable":true,"href":"https:\/\/agora.xtec.cat\/escolapacocandel\/wp-json\/wp\/v2\/comments?post=6481"}],"version-history":[{"count":2,"href":"https:\/\/agora.xtec.cat\/escolapacocandel\/wp-json\/wp\/v2\/posts\/6481\/revisions"}],"predecessor-version":[{"id":6486,"href":"https:\/\/agora.xtec.cat\/escolapacocandel\/wp-json\/wp\/v2\/posts\/6481\/revisions\/6486"}],"wp:featuredmedia":[{"embeddable":true,"href":"https:\/\/agora.xtec.cat\/escolapacocandel\/wp-json\/wp\/v2\/media\/6482"}],"wp:attachment":[{"href":"https:\/\/agora.xtec.cat\/escolapacocandel\/wp-json\/wp\/v2\/media?parent=6481"}],"wp:term":[{"taxonomy":"category","embeddable":true,"href":"https:\/\/agora.xtec.cat\/escolapacocandel\/wp-json\/wp\/v2\/categories?post=6481"},{"taxonomy":"post_tag","embeddable":true,"href":"https:\/\/agora.xtec.cat\/escolapacocandel\/wp-json\/wp\/v2\/tags?post=6481"}],"curies":[{"name":"wp","href":"https:\/\/api.w.org\/{rel}","templated":true}]}}