{"id":6457,"date":"2022-05-27T07:15:03","date_gmt":"2022-05-27T05:15:03","guid":{"rendered":"https:\/\/agora.xtec.cat\/escolapacocandel\/?p=6457"},"modified":"2023-11-09T13:50:03","modified_gmt":"2023-11-09T12:50:03","slug":"sortida-al-cram-i4a-tortugues","status":"publish","type":"post","link":"https:\/\/agora.xtec.cat\/escolapacocandel\/comunitat-de-petits\/sortida-al-cram-i4a-tortugues\/","title":{"rendered":"Sortida al CRAM I4A &#8220;Tortugues&#8221;"},"content":{"rendered":"<p style=\"text-align: justify;\">Les nenes i els nens de 4 anys del grup de les &#8220;Tortugues&#8221;, han anat d&#8217;excursi\u00f3 al CRAM (Centre de recuperaci\u00f3 d&#8217;animals marins) del Prat de Llobregat.<\/p>\n<p style=\"text-align: justify;\">Nom\u00e9s arribar, van agafar forces esmorzant a l&#8217;ombra d&#8217;uns pins gegants, situats dins el recinte del CRAM. Un entorn natural privilegiat, al costat de la platja, des d&#8217;on es van quedar fascinats sentint el soroll dels avions quan passaven ben a prop, ja que al costat est\u00e0 l&#8217;aeroport.<\/p>\n<p style=\"text-align: justify;\">Seguidament, van anar a fer una visita per les intal\u00b7lacions, on van poder observar un taur\u00f3 enorme de mentida i aprendre uns quants aspectes sobre ell. Van poder tocar i apreciar les caracter\u00edstiques d&#8217;una dent i d&#8217;un ou d&#8217;aquest animal. Estaven\u00a0impressionats!!<\/p>\n<p style=\"text-align: justify;\">All\u00e0 mateix, els nens i les nenes van convertir-se en taurons, amb l&#8217;aleta al cap, i van anar a visitar les tortugues marines que els esperaven amb moltes ganes per saludar-los. Els van explicar que, en aquell espai, \u00e9s on arriben les tortugues que troben malaltes al mar. All\u00e0 \u00e9s on les curen i es recuperen un temps, fins que ja estan b\u00e9 i les poden tornar de nou al mar. Van con\u00e8ixer diverses tortugues i les hist\u00f2ries de cadascuna d&#8217;elles: la tortuga &#8220;Massa gran&#8221;, que t\u00e9 80 anys; la petitona &#8220;Vetexsal&#8221; que la van rescatar d&#8217;unes xarxes on estava atascada; la &#8220;Bernarda&#8221;, que tenia la panxa m\u00e9s blanca per la cremada amb l&#8217;aigua contaminada on nedava; la tortuga &#8220;Rambo&#8221;, que nom\u00e9s tenia 2 aletes perqu\u00e8 va estar molt de temps amb les altres 2 aletes enganxades a una xarxa&#8230;<\/p>\n<p style=\"text-align: justify;\">Amb totes aquestes hist\u00f2ries, van poder apreciar el mal que les persones ocasionem als animals marins i el paper tan important que tenim en la seva protecci\u00f3 i cura. Van observar tamb\u00e9 tots els pl\u00e0stics que les tortugues marines es mengen, pensant que \u00e9s menjar&#8230;<\/p>\n<p style=\"text-align: justify;\">Despr\u00e9s d&#8217;aquestes hist\u00f2ries impactants, que van arribar als cors de tots i totes, van continuar el passeig per anar a fer un taller, ara amb tortugues de mentida. Van poder con\u00e8ixer 3 tipus de tortugues: la tortuga Verda, la Lla\u00fct i la Babaua. I&#8230; mans a l&#8217;obra, els infants van ajudar-les a agafar color, col\u00b7locant les parts del seu cos i apreciant, aix\u00ed, les seves caracter\u00edstiques. Seguidament, com que tenien molta gana, els nens i nenes els van donar de menjar all\u00f2 que menja cadascuna d&#8217;elles, sense pl\u00e0stics, ja que es van encarregar d&#8217;una missi\u00f3 molt important: netejar el mar de deixalles i reciclar els pl\u00e0stics que es van anar trobant!!<\/p>\n<p style=\"text-align: justify;\">Despr\u00e9s, van anar a un altre espai del CRAM, on van poder formar part de &#8220;l&#8217;equip de salvament&#8221;, fent tot un seguit d&#8217;accions per alliberar i curar a una tortuga que s&#8217;havia quedat enganxada a unes xarxes. Van aprendre el tel\u00e8fon d&#8217;emerg\u00e8ncies 112, al qual cal trucar si alguna vegada es troben amb una situaci\u00f3 de perill com aquesta. I, fins i tot, van poder donar una medicina a la tortuga i, quan ja estava recuperada, la van acompanyar per tornar-la al mar.<\/p>\n<p style=\"text-align: justify;\">I \u00e9s aix\u00ed com els nens i nenes del grup de les &#8220;Tortugues&#8221; van venir molt conscienciats amb la cura del nostre entorn, cal protegir i cuidar el nostre m\u00f3n i no tirar al mar les escombraries que ja no ens serveixen!!.<\/p>\n<p style=\"text-align: left;\">\u00a0 \u00a0 \u00a0 \u00a0 \u00a0 \u00a0 \u00a0 <a href=\"https:\/\/agora.xtec.cat\/escolapacocandel\/wp-content\/uploads\/usu332\/2022\/05\/1653371211503-scaled.jpg\"><img loading=\"lazy\" decoding=\"async\" class=\"alignnone wp-image-6464\" src=\"https:\/\/agora.xtec.cat\/escolapacocandel\/wp-content\/uploads\/usu332\/2022\/05\/1653371211503-1024x965.jpg\" alt=\"\" width=\"499\" height=\"470\" srcset=\"https:\/\/agora.xtec.cat\/escolapacocandel\/wp-content\/uploads\/usu332\/2022\/05\/1653371211503-1024x965.jpg 1024w, https:\/\/agora.xtec.cat\/escolapacocandel\/wp-content\/uploads\/usu332\/2022\/05\/1653371211503-300x283.jpg 300w, https:\/\/agora.xtec.cat\/escolapacocandel\/wp-content\/uploads\/usu332\/2022\/05\/1653371211503-768x724.jpg 768w, https:\/\/agora.xtec.cat\/escolapacocandel\/wp-content\/uploads\/usu332\/2022\/05\/1653371211503-1536x1448.jpg 1536w, https:\/\/agora.xtec.cat\/escolapacocandel\/wp-content\/uploads\/usu332\/2022\/05\/1653371211503-2048x1930.jpg 2048w\" sizes=\"auto, (max-width: 499px) 100vw, 499px\" \/><\/a> \u00a0 \u00a0 \u00a0 \u00a0 \u00a0 \u00a0 \u00a0 \u00a0 \u00a0 <a href=\"https:\/\/agora.xtec.cat\/escolapacocandel\/wp-content\/uploads\/usu332\/2022\/05\/1653370831340-1-scaled.jpg\"><img loading=\"lazy\" decoding=\"async\" class=\"alignnone wp-image-6463\" src=\"https:\/\/agora.xtec.cat\/escolapacocandel\/wp-content\/uploads\/usu332\/2022\/05\/1653370831340-1-1024x889.jpg\" alt=\"\" width=\"545\" height=\"473\" srcset=\"https:\/\/agora.xtec.cat\/escolapacocandel\/wp-content\/uploads\/usu332\/2022\/05\/1653370831340-1-1024x889.jpg 1024w, https:\/\/agora.xtec.cat\/escolapacocandel\/wp-content\/uploads\/usu332\/2022\/05\/1653370831340-1-300x260.jpg 300w, https:\/\/agora.xtec.cat\/escolapacocandel\/wp-content\/uploads\/usu332\/2022\/05\/1653370831340-1-768x666.jpg 768w, https:\/\/agora.xtec.cat\/escolapacocandel\/wp-content\/uploads\/usu332\/2022\/05\/1653370831340-1-1536x1333.jpg 1536w, https:\/\/agora.xtec.cat\/escolapacocandel\/wp-content\/uploads\/usu332\/2022\/05\/1653370831340-1-2048x1777.jpg 2048w\" sizes=\"auto, (max-width: 545px) 100vw, 545px\" \/><\/a><\/p>\n<p>Per mirar m\u00e9s fotos, click <a href=\"https:\/\/agora.xtec.cat\/escolapacocandel\/?p=6454&amp;preview=true\">aqu\u00ed<\/a><\/p>\n","protected":false},"excerpt":{"rendered":"<p>Les nenes i els nens de 4 anys del grup de les &#8220;Tortugues&#8221;, han anat d&#8217;excursi\u00f3 al CRAM (Centre de recuperaci\u00f3 d&#8217;animals marins) del Prat de Llobregat.<br \/>\nNom\u00e9s arribar, van agafar forces esmorzant a l&#8217;ombra d&#8217;uns pins gegants, situats dins el recinte del CRAM. Un entorn&hellip;  <a href=\"https:\/\/agora.xtec.cat\/escolapacocandel\/comunitat-de-petits\/sortida-al-cram-i4a-tortugues\/\" title=\"Read Sortida al CRAM I4A &#8220;Tortugues&#8221;\">Llegeix m\u00e9s\u00bb<\/a><\/p>\n","protected":false},"author":1,"featured_media":6463,"comment_status":"open","ping_status":"closed","sticky":false,"template":"","format":"standard","meta":{"_bbp_topic_count":0,"_bbp_reply_count":0,"_bbp_total_topic_count":0,"_bbp_total_reply_count":0,"_bbp_voice_count":0,"_bbp_anonymous_reply_count":0,"_bbp_topic_count_hidden":0,"_bbp_reply_count_hidden":0,"_bbp_forum_subforum_count":0,"footnotes":""},"categories":[182,183,128],"tags":[],"class_list":["post-6457","post","type-post","status-publish","format-standard","has-post-thumbnail","hentry","category-3-anys","category-4-anys","category-comunitat-de-petits"],"post_mailing_queue_ids":[],"_links":{"self":[{"href":"https:\/\/agora.xtec.cat\/escolapacocandel\/wp-json\/wp\/v2\/posts\/6457","targetHints":{"allow":["GET"]}}],"collection":[{"href":"https:\/\/agora.xtec.cat\/escolapacocandel\/wp-json\/wp\/v2\/posts"}],"about":[{"href":"https:\/\/agora.xtec.cat\/escolapacocandel\/wp-json\/wp\/v2\/types\/post"}],"author":[{"embeddable":true,"href":"https:\/\/agora.xtec.cat\/escolapacocandel\/wp-json\/wp\/v2\/users\/1"}],"replies":[{"embeddable":true,"href":"https:\/\/agora.xtec.cat\/escolapacocandel\/wp-json\/wp\/v2\/comments?post=6457"}],"version-history":[{"count":3,"href":"https:\/\/agora.xtec.cat\/escolapacocandel\/wp-json\/wp\/v2\/posts\/6457\/revisions"}],"predecessor-version":[{"id":6466,"href":"https:\/\/agora.xtec.cat\/escolapacocandel\/wp-json\/wp\/v2\/posts\/6457\/revisions\/6466"}],"wp:featuredmedia":[{"embeddable":true,"href":"https:\/\/agora.xtec.cat\/escolapacocandel\/wp-json\/wp\/v2\/media\/6463"}],"wp:attachment":[{"href":"https:\/\/agora.xtec.cat\/escolapacocandel\/wp-json\/wp\/v2\/media?parent=6457"}],"wp:term":[{"taxonomy":"category","embeddable":true,"href":"https:\/\/agora.xtec.cat\/escolapacocandel\/wp-json\/wp\/v2\/categories?post=6457"},{"taxonomy":"post_tag","embeddable":true,"href":"https:\/\/agora.xtec.cat\/escolapacocandel\/wp-json\/wp\/v2\/tags?post=6457"}],"curies":[{"name":"wp","href":"https:\/\/api.w.org\/{rel}","templated":true}]}}