{"id":6441,"date":"2022-05-26T10:00:12","date_gmt":"2022-05-26T08:00:12","guid":{"rendered":"https:\/\/agora.xtec.cat\/escolapacocandel\/?p=6441"},"modified":"2022-05-25T20:08:54","modified_gmt":"2022-05-25T18:08:54","slug":"fem-una-volta-pel-barri-de-santa-eulalia","status":"publish","type":"post","link":"https:\/\/agora.xtec.cat\/escolapacocandel\/general\/fem-una-volta-pel-barri-de-santa-eulalia\/","title":{"rendered":"Fem una volta pel barri de Santa Eul\u00e0lia"},"content":{"rendered":"<p>Dimarts passat Ol\u00edmpiques, Ol\u00edmpics i Submarinistes vam fer una volta pel barri per con\u00e8ixer una mica m\u00e9s el nostre entorn, tot fixant-nos en els equipaments que tenim a la vora i en tot all\u00f2 que ens agrada del barri i all\u00f2 que voldr\u00edem que millor\u00e9s.<\/p>\n<p><img loading=\"lazy\" decoding=\"async\" class=\"alignleft\" src=\"https:\/\/lh3.googleusercontent.com\/Z99Tl1oy8R9wqtwDGgvdMQX0zVlPEAFPjY2tzMIua3ZUWurlu_Vxco3MoD0LdH14wbXORZpyqG_Uia8QaojC-ALfISu5IxmcCzDBS55d7cfAy31x_KNAttPM5B0X3zX4XVfWLlU6dQ2W_yQaFLEJK8Y4SmgyVnl2j9IYm0DnsSSJrZDJ5JZXqYIAQPCh8eNVi5tSdpSX4f2iqM4b_KAQPqMzA2Xfkyo4eF3Cnug2jueBezYXQwUU3um8WnHprokKkKffoRCnTOXEkgDYgVDr7_JUh9B9G0agY7Ff8fbewUKjJEuHFlFIv7WQH_R0x9TKuSN2v8HYeGWgaWGBnUaQQjlPqchZRg5DOllPbgSIyICzK7uamksx6bICPk08poFJOgCgwHmSN8WhrjVpw1ItjLy5d5kFTT3MUtNUpbV4xmM7uSg1waKH3_1T_YM67vndtn5HfSATuLSj1wlSadQ2vnQghF8g2ZDiRaGqRjiOyV3_46yjCwBeR10-fYL-cKLEawmRuqxMXnv9ZKQAlX7Trjo7eSoa8PlDSAathdguAfSgyTaGlcAi9wkG0uhu27Djz3OIRHNHjxU0Txmdg7F6izt68OEZQFF3pMIZEZA35J9gw4Y3rAV14KXJp9vG5zwxxlOm68Y_X_M_rAvtHglbHFQ2UFwT7oElJiAYky9iKm1eSWKNm9DmAssqqsJEmHrIEPym--3vvcOUaBk1Lyr0Ad7hToGRnkPNE_D9zjR6Zj9MJKVpJUhqGrOsbj439g=w876-h657-no?authuser=0\" width=\"420\" height=\"315\" \/><\/p>\n<p>Decidir la ruta no va ser gens f\u00e0cil, vam haver de posar-nos d&#8217;acord per poder passar<\/p>\n<p style=\"font-family: 'Helvetica Neue', Helvetica, Helvetica, Arial, sans-serif; font-size: 16px;\"><img loading=\"lazy\" decoding=\"async\" class=\"alignright\" src=\"https:\/\/lh3.googleusercontent.com\/R7I3FTnVTc4Kr9Ocoi1u4hNqLuOmH9POAaytgp48nli-Zrm9N_wNh80K1hVyj2Muko_0imAA7jwjP52ontdv95qXpfKIxeXigrCA6RzfXg6wBsC07PdIx79TDxMPS5RGzo6T0VAtdub9X7qTWtQBKEHu4i6FUjOhyurGRb5bezGYAC4zFEhRFbWCuRIs033FsYykZ624yDZiLcvnSxM3SuRf6vGPQmKG1m8Bs6A742zKnvuvu12u9BT2sUgOMvgtaz7B2k0ei5h3jJWyfGb0hNnNxSc7SCgY8rRxFc2MwiioJNkqiw1GusauV40ey7WvF_9Fh7gd4Vct0-V9vx_jfOWnQLDvX4yWKs6NZV9VzCwcqISTa40ZpXYlS6KI5qXSMTbYn4Up2Gtpf-0F8tuuVmkH1kI4bLdQbhinHCEgN_Rub_pszQgYynBU_Mla3vAScHzLEZMntJwNUg_3iKE4f0UXnIovr_Y9I2UDtEcvZVdxJtuXn5qtzv4IerJy_HbIEyiGmHolTTFjZWgfyDT6g_o899Vda5cEHTvWFjIsbOYGEItOuLEe-lcqNSfGldL9xVksc65KwJ7_2zQaMZ_jnOlLRA1JUXpIAsnb4hyKvwA9luR_h3gsM75N-GMS5dzbf2h7srFIgHiftQxWSlXsleXgrYoMXVDnbFo4KSfctHEXsZQKwQZLYQRAETDV9g4Gzuwk5k2F96lNDjqd-XIl4XbZfJZxs8eEurEWWjECxCYiA8e8Jww5no_nAQRQXA=w876-h657-no?authuser=0\" width=\"252\" height=\"189\" \/><\/p>\n<p style=\"font-family: 'Helvetica Neue', Helvetica, Helvetica, Arial, sans-serif; font-size: 16px;\">per diferents llocs\u00a0que ens feien il\u00b7lusi\u00f3 i altres que pens\u00e0vem que era important veure. D&#8217;altra banda tamb\u00e9 vol\u00edem fer preguntes a les botigues el barri, i informar-nos de perqu\u00e8 van triar aquest lloc i quants anys fa que hi s\u00f3n. Tot i que vam fer la volta a la tarda i vam trobar algunes de les botigues tancades finalment vam poder preguntar en altres i seguir investigant coses sobre Santa Eul\u00e0lia.<\/p>\n<p>&nbsp;<\/p>\n<p><span style=\"font-family: inherit; font-size: 1em;\">A m\u00e9s, aquesta setmana hem vist un v\u00eddeo i ara sabem que Santa Eul\u00e0lia \u00e9s el barri m\u00e9s antic d&#8217;Hospitalet! Ho sab\u00edeu?\u00a0<\/span><\/p>\n<blockquote class=\"wp-embedded-content\" data-secret=\"RIIQYoaxXt\"><p><a href=\"https:\/\/agora.xtec.cat\/escolapacocandel\/general\/fotos-volta-pel-barri-2n\/\">Protegit: Fotos volta pel barri 2n<\/a><\/p><\/blockquote>\n<p><iframe loading=\"lazy\" class=\"wp-embedded-content\" sandbox=\"allow-scripts\" security=\"restricted\" style=\"position: absolute; clip: rect(1px, 1px, 1px, 1px);\" title=\"&#8220;Protegit: Fotos volta pel barri 2n&#8221; &#8212; Escola Paco Candel\" src=\"https:\/\/agora.xtec.cat\/escolapacocandel\/general\/fotos-volta-pel-barri-2n\/embed\/#?secret=CL8FK6SJV8#?secret=RIIQYoaxXt\" data-secret=\"RIIQYoaxXt\" width=\"500\" height=\"282\" frameborder=\"0\" marginwidth=\"0\" marginheight=\"0\" scrolling=\"no\"><\/iframe><\/p>\n","protected":false},"excerpt":{"rendered":"<p>Dimarts passat Ol\u00edmpiques, Ol\u00edmpics i Submarinistes vam fer una volta pel barri per con\u00e8ixer una mica m\u00e9s el nostre entorn, tot fixant-nos en els equipaments que tenim a la vora i en tot all\u00f2 que ens agrada del barri i all\u00f2 que voldr\u00edem que millor\u00e9s.<\/p>\n<p>Decidir&hellip;  <a href=\"https:\/\/agora.xtec.cat\/escolapacocandel\/general\/fem-una-volta-pel-barri-de-santa-eulalia\/\" title=\"Read Fem una volta pel barri de Santa Eul\u00e0lia\">Llegeix m\u00e9s\u00bb<\/a><\/p>\n","protected":false},"author":14,"featured_media":6451,"comment_status":"open","ping_status":"closed","sticky":false,"template":"","format":"standard","meta":{"_bbp_topic_count":0,"_bbp_reply_count":0,"_bbp_total_topic_count":0,"_bbp_total_reply_count":0,"_bbp_voice_count":0,"_bbp_anonymous_reply_count":0,"_bbp_topic_count_hidden":0,"_bbp_reply_count_hidden":0,"_bbp_forum_subforum_count":0,"footnotes":""},"categories":[1],"tags":[99,92],"class_list":["post-6441","post","type-post","status-publish","format-standard","has-post-thumbnail","hentry","category-general","tag-projecte","tag-sortides"],"post_mailing_queue_ids":[],"_links":{"self":[{"href":"https:\/\/agora.xtec.cat\/escolapacocandel\/wp-json\/wp\/v2\/posts\/6441","targetHints":{"allow":["GET"]}}],"collection":[{"href":"https:\/\/agora.xtec.cat\/escolapacocandel\/wp-json\/wp\/v2\/posts"}],"about":[{"href":"https:\/\/agora.xtec.cat\/escolapacocandel\/wp-json\/wp\/v2\/types\/post"}],"author":[{"embeddable":true,"href":"https:\/\/agora.xtec.cat\/escolapacocandel\/wp-json\/wp\/v2\/users\/14"}],"replies":[{"embeddable":true,"href":"https:\/\/agora.xtec.cat\/escolapacocandel\/wp-json\/wp\/v2\/comments?post=6441"}],"version-history":[{"count":3,"href":"https:\/\/agora.xtec.cat\/escolapacocandel\/wp-json\/wp\/v2\/posts\/6441\/revisions"}],"predecessor-version":[{"id":6450,"href":"https:\/\/agora.xtec.cat\/escolapacocandel\/wp-json\/wp\/v2\/posts\/6441\/revisions\/6450"}],"wp:featuredmedia":[{"embeddable":true,"href":"https:\/\/agora.xtec.cat\/escolapacocandel\/wp-json\/wp\/v2\/media\/6451"}],"wp:attachment":[{"href":"https:\/\/agora.xtec.cat\/escolapacocandel\/wp-json\/wp\/v2\/media?parent=6441"}],"wp:term":[{"taxonomy":"category","embeddable":true,"href":"https:\/\/agora.xtec.cat\/escolapacocandel\/wp-json\/wp\/v2\/categories?post=6441"},{"taxonomy":"post_tag","embeddable":true,"href":"https:\/\/agora.xtec.cat\/escolapacocandel\/wp-json\/wp\/v2\/tags?post=6441"}],"curies":[{"name":"wp","href":"https:\/\/api.w.org\/{rel}","templated":true}]}}