{"id":6436,"date":"2022-05-25T15:47:48","date_gmt":"2022-05-25T13:47:48","guid":{"rendered":"https:\/\/agora.xtec.cat\/escolapacocandel\/?p=6436"},"modified":"2022-05-25T22:33:06","modified_gmt":"2022-05-25T20:33:06","slug":"padel-amb-6e","status":"publish","type":"post","link":"https:\/\/agora.xtec.cat\/escolapacocandel\/general\/padel-amb-6e\/","title":{"rendered":"P\u00c0DEL AMB 6\u00e8"},"content":{"rendered":"<p>Fa un parell de setmanes els grups de sis\u00e8 van finalitzar la unitat did\u00e0ctica d\u2019esports de raqueta. Com a cloenda d\u2019aquesta unitat vam anar a unes instal\u00b7lacions de p\u00e0del a fer diferents activitats amb monitors professionals. Els nens i les nenes van gaudir molt practicant p\u00e0del amb els companys i companyes.<\/p>\n<p><a href=\"https:\/\/agora.xtec.cat\/escolapacocandel\/fotos-privat\/fotos-padel\/\"><img loading=\"lazy\" decoding=\"async\" class=\"alignnone size-full wp-image-6437\" src=\"https:\/\/agora.xtec.cat\/escolapacocandel\/wp-content\/uploads\/usu332\/2022\/05\/PADEL.jpg\" alt=\"\" width=\"282\" height=\"375\" srcset=\"https:\/\/agora.xtec.cat\/escolapacocandel\/wp-content\/uploads\/usu332\/2022\/05\/PADEL.jpg 282w, https:\/\/agora.xtec.cat\/escolapacocandel\/wp-content\/uploads\/usu332\/2022\/05\/PADEL-226x300.jpg 226w\" sizes=\"auto, (max-width: 282px) 100vw, 282px\" \/><\/a><\/p>\n","protected":false},"excerpt":{"rendered":"<p>Fa un parell de setmanes els grups de sis\u00e8 van finalitzar la unitat did\u00e0ctica d\u2019esports de raqueta. Com a cloenda d\u2019aquesta unitat vam anar a unes instal\u00b7lacions de p\u00e0del a fer diferents activitats amb monitors professionals. Els nens i les nenes van gaudir molt practicant&hellip;  <a href=\"https:\/\/agora.xtec.cat\/escolapacocandel\/general\/padel-amb-6e\/\" title=\"Read P\u00c0DEL AMB 6\u00e8\">Llegeix m\u00e9s\u00bb<\/a><\/p>\n","protected":false},"author":1,"featured_media":6437,"comment_status":"open","ping_status":"closed","sticky":false,"template":"","format":"standard","meta":{"_bbp_topic_count":0,"_bbp_reply_count":0,"_bbp_total_topic_count":0,"_bbp_total_reply_count":0,"_bbp_voice_count":0,"_bbp_anonymous_reply_count":0,"_bbp_topic_count_hidden":0,"_bbp_reply_count_hidden":0,"_bbp_forum_subforum_count":0,"footnotes":""},"categories":[1],"tags":[],"class_list":["post-6436","post","type-post","status-publish","format-standard","has-post-thumbnail","hentry","category-general"],"post_mailing_queue_ids":[],"_links":{"self":[{"href":"https:\/\/agora.xtec.cat\/escolapacocandel\/wp-json\/wp\/v2\/posts\/6436","targetHints":{"allow":["GET"]}}],"collection":[{"href":"https:\/\/agora.xtec.cat\/escolapacocandel\/wp-json\/wp\/v2\/posts"}],"about":[{"href":"https:\/\/agora.xtec.cat\/escolapacocandel\/wp-json\/wp\/v2\/types\/post"}],"author":[{"embeddable":true,"href":"https:\/\/agora.xtec.cat\/escolapacocandel\/wp-json\/wp\/v2\/users\/1"}],"replies":[{"embeddable":true,"href":"https:\/\/agora.xtec.cat\/escolapacocandel\/wp-json\/wp\/v2\/comments?post=6436"}],"version-history":[{"count":3,"href":"https:\/\/agora.xtec.cat\/escolapacocandel\/wp-json\/wp\/v2\/posts\/6436\/revisions"}],"predecessor-version":[{"id":6440,"href":"https:\/\/agora.xtec.cat\/escolapacocandel\/wp-json\/wp\/v2\/posts\/6436\/revisions\/6440"}],"wp:featuredmedia":[{"embeddable":true,"href":"https:\/\/agora.xtec.cat\/escolapacocandel\/wp-json\/wp\/v2\/media\/6437"}],"wp:attachment":[{"href":"https:\/\/agora.xtec.cat\/escolapacocandel\/wp-json\/wp\/v2\/media?parent=6436"}],"wp:term":[{"taxonomy":"category","embeddable":true,"href":"https:\/\/agora.xtec.cat\/escolapacocandel\/wp-json\/wp\/v2\/categories?post=6436"},{"taxonomy":"post_tag","embeddable":true,"href":"https:\/\/agora.xtec.cat\/escolapacocandel\/wp-json\/wp\/v2\/tags?post=6436"}],"curies":[{"name":"wp","href":"https:\/\/api.w.org\/{rel}","templated":true}]}}