{"id":6426,"date":"2022-05-26T09:00:41","date_gmt":"2022-05-26T07:00:41","guid":{"rendered":"https:\/\/agora.xtec.cat\/escolapacocandel\/?p=6426"},"modified":"2022-05-25T10:51:53","modified_gmt":"2022-05-25T08:51:53","slug":"la-clika-ja-es-aqui","status":"publish","type":"post","link":"https:\/\/agora.xtec.cat\/escolapacocandel\/general\/la-clika-ja-es-aqui\/","title":{"rendered":"La Clika ja \u00e9s aqu\u00ed!!"},"content":{"rendered":"<p>Despr\u00e9s de molts dies preparant i assajant les can\u00e7ons, dilluns, va arribar el gran dia!! Les classes de 2n i les nostres fam\u00edlies, vam poder gaudir d&#8217;una activitat ben especial: el concert de la Clika!!<\/p>\n<p>Un concert on particip\u00e0vem quatre escoles d&#8217;Hospitalet i on vam poder actuar en un teatre de deb\u00f2 i amb m\u00fasics professionals. El concert, va ser xul\u00edssim tant els i les artistes com el p\u00fablic ho vam gaudir d&#8217;all\u00f2 m\u00e9s!!<\/p>\n<p>Ens ha encantat participar en aquest projecte i estem s\u00faper contentes i contents de poder tornar a omplir els escenaris i els teatres, de poder tornar a gaudir juntes i junts de la m\u00fasica, l&#8217;art i la cultura!<\/p>\n<p><img decoding=\"async\" src=\"https:\/\/lh3.googleusercontent.com\/NLZDxW9BRrO3f_iEFmDpe_xcqW6wlR7uvMzt5zFmxkQ5ZOgPbTd_Fv9izegQ8m_M7eU2RnjT2ZfrX-xJRK0Sc_eFp040Yzb3RTALRipt53xpNplx_dQKBKTKwgyWRoof43Mt1KhFM3IV4nRSytWNACUQYXEuQeMKWXYvCPCy2CL1mHLBly-7Lh7gvk68LNxjIqbpxaLVx8oJRPH24yius8m5qKXIjwUdSiYvgPw-fsheKeO9WnQJd0qn2SUw-tLwOdIIaiggfiG31ETNEQDeLRS2-bq-a0vrDrxSjbCfJkxf2CYGZ6Q0Rfcgw0wsqTq-FQC8MVmaqbma8Q_orgu1_9ps-Us3FeUylU17yv2FZwEW7gpARo4RzopeN98OCPXYuYWU6uTzGB1IVvt4jw0bDlIH-2ZztV0o1XoNF-WroF0IZFzk0XQms-ZupVOESDKQ1cAgoZUzYkGyJJlCI4rxGjmKcqTh0478qyFJV2ouwzBN3sVVowGMxheUI907B2Zv0kFn8zkqltpmHdzcDLFtuykWiixabWLmDb7BvHarROuN614nbbgPEG11MJC-qopzKelDidGsO0ch_S6aEwUzBKBxUL0tKZiyHFEy4GS-pM7_fM6UjZnKjUh50JhJUCHXnnyEDiW-FJuzPVzm-Na9q7fKzisCUo3u6AKiPGTIfq7xX4oICNksDyaAQ-M5H09-XsKyd4tvexm7jrRd0DDpJmc9eAiCpeFOs3fM4vlxU-ZVvoYCKPOuNy8WRCTViq7nVa5xyRAs6gGw8bTazNpvzoWqeOZutQDPtfY=w876-h657-no?authuser=0\" \/><\/p>\n<p>Us deixem aqu\u00ed el recull de fotos i v\u00eddeos que vam fer, tot i que segur que vosaltres ja en teniu molt\u00edssims!! \ud83d\ude09<\/p>\n<blockquote class=\"wp-embedded-content\" data-secret=\"LiSVrNyO2s\"><p><a href=\"https:\/\/agora.xtec.cat\/escolapacocandel\/general\/fotos-i-videos-clika\/\">Protegit: Fotos i v\u00eddeos Clika<\/a><\/p><\/blockquote>\n<p><iframe loading=\"lazy\" class=\"wp-embedded-content\" sandbox=\"allow-scripts\" security=\"restricted\" style=\"position: absolute; clip: rect(1px, 1px, 1px, 1px);\" title=\"&#8220;Protegit: Fotos i v\u00eddeos Clika&#8221; &#8212; Escola Paco Candel\" src=\"https:\/\/agora.xtec.cat\/escolapacocandel\/general\/fotos-i-videos-clika\/embed\/#?secret=DBvXkRCdrO#?secret=LiSVrNyO2s\" data-secret=\"LiSVrNyO2s\" width=\"500\" height=\"282\" frameborder=\"0\" marginwidth=\"0\" marginheight=\"0\" scrolling=\"no\"><\/iframe><\/p>\n<p>&nbsp;<\/p>\n","protected":false},"excerpt":{"rendered":"<p>Despr\u00e9s de molts dies preparant i assajant les can\u00e7ons, dilluns, va arribar el gran dia!! Les classes de 2n i les nostres fam\u00edlies, vam poder gaudir d&#8217;una activitat ben especial: el concert de la Clika!!<br \/>\nUn concert on particip\u00e0vem quatre escoles d&#8217;Hospitalet i on vam poder&hellip;  <a href=\"https:\/\/agora.xtec.cat\/escolapacocandel\/general\/la-clika-ja-es-aqui\/\" title=\"Read La Clika ja \u00e9s aqu\u00ed!!\">Llegeix m\u00e9s\u00bb<\/a><\/p>\n","protected":false},"author":14,"featured_media":0,"comment_status":"open","ping_status":"closed","sticky":false,"template":"","format":"standard","meta":{"_bbp_topic_count":0,"_bbp_reply_count":0,"_bbp_total_topic_count":0,"_bbp_total_reply_count":0,"_bbp_voice_count":0,"_bbp_anonymous_reply_count":0,"_bbp_topic_count_hidden":0,"_bbp_reply_count_hidden":0,"_bbp_forum_subforum_count":0,"footnotes":""},"categories":[1],"tags":[],"class_list":["post-6426","post","type-post","status-publish","format-standard","hentry","category-general"],"post_mailing_queue_ids":[],"_links":{"self":[{"href":"https:\/\/agora.xtec.cat\/escolapacocandel\/wp-json\/wp\/v2\/posts\/6426","targetHints":{"allow":["GET"]}}],"collection":[{"href":"https:\/\/agora.xtec.cat\/escolapacocandel\/wp-json\/wp\/v2\/posts"}],"about":[{"href":"https:\/\/agora.xtec.cat\/escolapacocandel\/wp-json\/wp\/v2\/types\/post"}],"author":[{"embeddable":true,"href":"https:\/\/agora.xtec.cat\/escolapacocandel\/wp-json\/wp\/v2\/users\/14"}],"replies":[{"embeddable":true,"href":"https:\/\/agora.xtec.cat\/escolapacocandel\/wp-json\/wp\/v2\/comments?post=6426"}],"version-history":[{"count":2,"href":"https:\/\/agora.xtec.cat\/escolapacocandel\/wp-json\/wp\/v2\/posts\/6426\/revisions"}],"predecessor-version":[{"id":6433,"href":"https:\/\/agora.xtec.cat\/escolapacocandel\/wp-json\/wp\/v2\/posts\/6426\/revisions\/6433"}],"wp:attachment":[{"href":"https:\/\/agora.xtec.cat\/escolapacocandel\/wp-json\/wp\/v2\/media?parent=6426"}],"wp:term":[{"taxonomy":"category","embeddable":true,"href":"https:\/\/agora.xtec.cat\/escolapacocandel\/wp-json\/wp\/v2\/categories?post=6426"},{"taxonomy":"post_tag","embeddable":true,"href":"https:\/\/agora.xtec.cat\/escolapacocandel\/wp-json\/wp\/v2\/tags?post=6426"}],"curies":[{"name":"wp","href":"https:\/\/api.w.org\/{rel}","templated":true}]}}