{"id":6376,"date":"2022-05-24T12:28:15","date_gmt":"2022-05-24T10:28:15","guid":{"rendered":"https:\/\/agora.xtec.cat\/escolapacocandel\/?p=6376"},"modified":"2024-01-31T18:40:39","modified_gmt":"2024-01-31T17:40:39","slug":"don-vinc","status":"publish","type":"post","link":"https:\/\/agora.xtec.cat\/escolapacocandel\/comunitat-de-mitjans\/don-vinc\/","title":{"rendered":"D&#8217;on vinc?"},"content":{"rendered":"<p>Aquest tercer trimestre, l&#8217;alumnat de 3r est\u00e0 desenvolupant un projecte molt especial: D&#8217;on vinc?<\/p>\n<p>Aquest projecte dona continu\u00eftat i serveix com a fil conductor, del projecte que es desenvolupa des de l&#8217;etapa d&#8217;Educaci\u00f3 Infantil, la Bimba. Ens permet centrar-nos en l&#8217;autoconeixement, centrat en saber i esbrinar les nostres arrels.<\/p>\n<p><img loading=\"lazy\" decoding=\"async\" class=\"alignleft\" src=\"https:\/\/images-na.ssl-images-amazon.com\/images\/I\/61K4GIRxifL.jpg\" alt=\"El diario de las cajas de f\u00f3sforos (ALBUMES ILUSTRADOS) : Fleischman, Paul:  Amazon.es: Libros\" width=\"116\" height=\"131\" \/><\/p>\n<p>L&#8217;alumnat de 3r a partir de la lectura del conte &#8220;El diario de las cajas de f\u00f3sforos&#8221;, va poder crear la seva pr\u00f2pia capsa dels records i des de casa amb l&#8217;acompanyament de les fam\u00edlies van poder omplir-les amb els seus records m\u00e9s significatius. Aquestes capses es van exposar i cada infant va poder compartir amb la resta de companys i companyes les seves viv\u00e8ncies! Va ser una experi\u00e8ncia \u00fanica!<\/p>\n<p>Al llarg de les setmanes seguirem coneixent el nostre entorn i esbrinant moltes coses que no sab\u00edem sobre nosaltres!<\/p>\n<blockquote class=\"wp-embedded-content\" data-secret=\"AeUREqvsjI\"><p><a href=\"https:\/\/agora.xtec.cat\/escolapacocandel\/fotos-privat\/projecte-don-vinc\/\">Protegit: Projecte: d&#8217;on vinc?<\/a><\/p><\/blockquote>\n<p><iframe loading=\"lazy\" class=\"wp-embedded-content\" sandbox=\"allow-scripts\" security=\"restricted\" style=\"position: absolute; clip: rect(1px, 1px, 1px, 1px);\" title=\"&#8220;Protegit: Projecte: d&#8217;on vinc?&#8221; &#8212; Escola Paco Candel\" src=\"https:\/\/agora.xtec.cat\/escolapacocandel\/fotos-privat\/projecte-don-vinc\/embed\/#?secret=pv91MNH6cj#?secret=AeUREqvsjI\" data-secret=\"AeUREqvsjI\" width=\"500\" height=\"282\" frameborder=\"0\" marginwidth=\"0\" marginheight=\"0\" scrolling=\"no\"><\/iframe><\/p>\n","protected":false},"excerpt":{"rendered":"<p>Aquest tercer trimestre, l&#8217;alumnat de 3r est\u00e0 desenvolupant un projecte molt especial: D&#8217;on vinc?<br \/>\nAquest projecte dona continu\u00eftat i serveix com a fil conductor, del projecte que es desenvolupa des de l&#8217;etapa d&#8217;Educaci\u00f3 Infantil, la Bimba. Ens permet centrar-nos en l&#8217;autoconeixement, centrat en saber i esbrinar&hellip;  <a href=\"https:\/\/agora.xtec.cat\/escolapacocandel\/comunitat-de-mitjans\/don-vinc\/\" title=\"Read D&#8217;on vinc?\">Llegeix m\u00e9s\u00bb<\/a><\/p>\n","protected":false},"author":18,"featured_media":6382,"comment_status":"open","ping_status":"closed","sticky":false,"template":"","format":"standard","meta":{"_bbp_topic_count":0,"_bbp_reply_count":0,"_bbp_total_topic_count":0,"_bbp_total_reply_count":0,"_bbp_voice_count":0,"_bbp_anonymous_reply_count":0,"_bbp_topic_count_hidden":0,"_bbp_reply_count_hidden":0,"_bbp_forum_subforum_count":0,"footnotes":""},"categories":[127,141],"tags":[],"class_list":["post-6376","post","type-post","status-publish","format-standard","has-post-thumbnail","hentry","category-comunitat-de-mitjans","category-3r"],"post_mailing_queue_ids":[],"_links":{"self":[{"href":"https:\/\/agora.xtec.cat\/escolapacocandel\/wp-json\/wp\/v2\/posts\/6376","targetHints":{"allow":["GET"]}}],"collection":[{"href":"https:\/\/agora.xtec.cat\/escolapacocandel\/wp-json\/wp\/v2\/posts"}],"about":[{"href":"https:\/\/agora.xtec.cat\/escolapacocandel\/wp-json\/wp\/v2\/types\/post"}],"author":[{"embeddable":true,"href":"https:\/\/agora.xtec.cat\/escolapacocandel\/wp-json\/wp\/v2\/users\/18"}],"replies":[{"embeddable":true,"href":"https:\/\/agora.xtec.cat\/escolapacocandel\/wp-json\/wp\/v2\/comments?post=6376"}],"version-history":[{"count":1,"href":"https:\/\/agora.xtec.cat\/escolapacocandel\/wp-json\/wp\/v2\/posts\/6376\/revisions"}],"predecessor-version":[{"id":6383,"href":"https:\/\/agora.xtec.cat\/escolapacocandel\/wp-json\/wp\/v2\/posts\/6376\/revisions\/6383"}],"wp:featuredmedia":[{"embeddable":true,"href":"https:\/\/agora.xtec.cat\/escolapacocandel\/wp-json\/wp\/v2\/media\/6382"}],"wp:attachment":[{"href":"https:\/\/agora.xtec.cat\/escolapacocandel\/wp-json\/wp\/v2\/media?parent=6376"}],"wp:term":[{"taxonomy":"category","embeddable":true,"href":"https:\/\/agora.xtec.cat\/escolapacocandel\/wp-json\/wp\/v2\/categories?post=6376"},{"taxonomy":"post_tag","embeddable":true,"href":"https:\/\/agora.xtec.cat\/escolapacocandel\/wp-json\/wp\/v2\/tags?post=6376"}],"curies":[{"name":"wp","href":"https:\/\/api.w.org\/{rel}","templated":true}]}}