{"id":6353,"date":"2022-05-17T09:43:59","date_gmt":"2022-05-17T07:43:59","guid":{"rendered":"https:\/\/agora.xtec.cat\/escolapacocandel\/?p=6353"},"modified":"2023-11-09T13:50:24","modified_gmt":"2023-11-09T12:50:24","slug":"sortida-can-rigol-3-anys","status":"publish","type":"post","link":"https:\/\/agora.xtec.cat\/escolapacocandel\/comunitat-de-petits\/sortida-can-rigol-3-anys\/","title":{"rendered":"Sortida Can Rigol 3 anys."},"content":{"rendered":"<p>Els infants de\u00a0<span class=\"hiddenGreenError\">3<\/span> anys han anat de sortida a la granja Can Rigol, ubicada en un entorn natural ple de vegetaci\u00f3: pins, herbes, flors de diferents colors, papallones volant per tot arreu i formigues ben grans que corrien tamb\u00e9!<\/p>\n<p>Un lloc on s&#8217;han trobat for\u00e7a a gust, on han pogut gaudir d&#8217;un passeig amb carro amb la companyia del ruc Orelletes. A m\u00e9s a m\u00e9s tamb\u00e9 han tocat animals, com les ovelles, pollets, \u00e0necs, conills&#8230; i els hi han donat de menjar sense gens de por; fins i tot els hi han preparat sopetes de pa amb aigua per les gallines i els porcs. Uns nens i unes nenes molt valents, riallers i entusiasmats. Jugant, imitant sons, corrent, agafant herba, tot UNS AUT\u00c8NTICS GRANGERS I GRANGERES.<\/p>\n<p>La natura desperta els sentits, \u00e9s un espai de joc i descoberta inigualable on es pot veure una paleta de colors amplia, sentir diferents textures i olors, fixar-se amb les formes i prestar atenci\u00f3 als sons. Tots aquests elements junt amb la fascinaci\u00f3 dels petits fan que sigui un espai de descoberta incre\u00efble.<\/p>\n<p>Per veure les fotos feu click <a href=\"https:\/\/agora.xtec.cat\/escolapacocandel\/fotos-privat\/fotos-can-rigol\/\">aqu\u00ed<\/a>.<\/p>\n<p><a href=\"https:\/\/agora.xtec.cat\/escolapacocandel\/wp-content\/uploads\/usu332\/2022\/05\/sense-cara.png\"><img loading=\"lazy\" decoding=\"async\" class=\"alignnone wp-image-6371\" src=\"https:\/\/agora.xtec.cat\/escolapacocandel\/wp-content\/uploads\/usu332\/2022\/05\/sense-cara-1024x575.png\" alt=\"\" width=\"406\" height=\"228\" srcset=\"https:\/\/agora.xtec.cat\/escolapacocandel\/wp-content\/uploads\/usu332\/2022\/05\/sense-cara-1024x575.png 1024w, https:\/\/agora.xtec.cat\/escolapacocandel\/wp-content\/uploads\/usu332\/2022\/05\/sense-cara-300x169.png 300w, https:\/\/agora.xtec.cat\/escolapacocandel\/wp-content\/uploads\/usu332\/2022\/05\/sense-cara-768x431.png 768w, https:\/\/agora.xtec.cat\/escolapacocandel\/wp-content\/uploads\/usu332\/2022\/05\/sense-cara.png 1093w\" sizes=\"auto, (max-width: 406px) 100vw, 406px\" \/><\/a><\/p>\n<p>&nbsp;<\/p>\n<p><a href=\"https:\/\/agora.xtec.cat\/escolapacocandel\/wp-content\/uploads\/usu332\/2022\/05\/cabanes.png\"><img loading=\"lazy\" decoding=\"async\" class=\"alignnone size-full wp-image-6372\" src=\"https:\/\/agora.xtec.cat\/escolapacocandel\/wp-content\/uploads\/usu332\/2022\/05\/cabanes.png\" alt=\"\" width=\"1018\" height=\"529\" srcset=\"https:\/\/agora.xtec.cat\/escolapacocandel\/wp-content\/uploads\/usu332\/2022\/05\/cabanes.png 1018w, https:\/\/agora.xtec.cat\/escolapacocandel\/wp-content\/uploads\/usu332\/2022\/05\/cabanes-300x156.png 300w, https:\/\/agora.xtec.cat\/escolapacocandel\/wp-content\/uploads\/usu332\/2022\/05\/cabanes-768x399.png 768w\" sizes=\"auto, (max-width: 1018px) 100vw, 1018px\" \/><\/a><\/p>\n","protected":false},"excerpt":{"rendered":"<p>Els infants de\u00a03 anys han anat de sortida a la granja Can Rigol, ubicada en un entorn natural ple de vegetaci\u00f3: pins, herbes, flors de diferents colors, papallones volant per tot arreu i formigues ben grans que corrien tamb\u00e9!<br \/>\nUn lloc on s&#8217;han trobat for\u00e7a a&hellip;  <a href=\"https:\/\/agora.xtec.cat\/escolapacocandel\/comunitat-de-petits\/sortida-can-rigol-3-anys\/\" title=\"Read Sortida Can Rigol 3 anys.\">Llegeix m\u00e9s\u00bb<\/a><\/p>\n","protected":false},"author":1,"featured_media":6371,"comment_status":"open","ping_status":"closed","sticky":false,"template":"","format":"standard","meta":{"_bbp_topic_count":0,"_bbp_reply_count":0,"_bbp_total_topic_count":0,"_bbp_total_reply_count":0,"_bbp_voice_count":0,"_bbp_anonymous_reply_count":0,"_bbp_topic_count_hidden":0,"_bbp_reply_count_hidden":0,"_bbp_forum_subforum_count":0,"footnotes":""},"categories":[182,128],"tags":[],"class_list":["post-6353","post","type-post","status-publish","format-standard","has-post-thumbnail","hentry","category-3-anys","category-comunitat-de-petits"],"post_mailing_queue_ids":[],"_links":{"self":[{"href":"https:\/\/agora.xtec.cat\/escolapacocandel\/wp-json\/wp\/v2\/posts\/6353","targetHints":{"allow":["GET"]}}],"collection":[{"href":"https:\/\/agora.xtec.cat\/escolapacocandel\/wp-json\/wp\/v2\/posts"}],"about":[{"href":"https:\/\/agora.xtec.cat\/escolapacocandel\/wp-json\/wp\/v2\/types\/post"}],"author":[{"embeddable":true,"href":"https:\/\/agora.xtec.cat\/escolapacocandel\/wp-json\/wp\/v2\/users\/1"}],"replies":[{"embeddable":true,"href":"https:\/\/agora.xtec.cat\/escolapacocandel\/wp-json\/wp\/v2\/comments?post=6353"}],"version-history":[{"count":4,"href":"https:\/\/agora.xtec.cat\/escolapacocandel\/wp-json\/wp\/v2\/posts\/6353\/revisions"}],"predecessor-version":[{"id":6390,"href":"https:\/\/agora.xtec.cat\/escolapacocandel\/wp-json\/wp\/v2\/posts\/6353\/revisions\/6390"}],"wp:featuredmedia":[{"embeddable":true,"href":"https:\/\/agora.xtec.cat\/escolapacocandel\/wp-json\/wp\/v2\/media\/6371"}],"wp:attachment":[{"href":"https:\/\/agora.xtec.cat\/escolapacocandel\/wp-json\/wp\/v2\/media?parent=6353"}],"wp:term":[{"taxonomy":"category","embeddable":true,"href":"https:\/\/agora.xtec.cat\/escolapacocandel\/wp-json\/wp\/v2\/categories?post=6353"},{"taxonomy":"post_tag","embeddable":true,"href":"https:\/\/agora.xtec.cat\/escolapacocandel\/wp-json\/wp\/v2\/tags?post=6353"}],"curies":[{"name":"wp","href":"https:\/\/api.w.org\/{rel}","templated":true}]}}