{"id":6335,"date":"2022-05-16T13:48:47","date_gmt":"2022-05-16T11:48:47","guid":{"rendered":"https:\/\/agora.xtec.cat\/escolapacocandel\/?p=6335"},"modified":"2024-01-31T18:41:19","modified_gmt":"2024-01-31T17:41:19","slug":"viu-can-gel","status":"publish","type":"post","link":"https:\/\/agora.xtec.cat\/escolapacocandel\/comunitat-de-mitjans\/3r\/viu-can-gel\/","title":{"rendered":"Viu Can gel!"},"content":{"rendered":"<p>El passat divendres 13 de maig, les nenes i nens de tercer van poder gaudir d&#8217;un dia a la natura, fent una visita guiada i personalitzada per una granja de vaques frisones.<\/p>\n<p>A l&#8217;aula, es va fer un treball previ per equips cooperatius, amb l&#8217;objectiu d&#8217;esbrinar quina era la millor ruta per arribar des de l&#8217;escola fins a la granja, comparant quil\u00f2metres i diferents medis de transport. Una vegada all\u00e0, vam poder aprendre una mica m\u00e9s sobre el m\u00f3n de les vaques frisones i del sector primari. Vam poder veure en primera persona com era aquesta granja i totes les seves instal\u00b7lacions, coneixent aix\u00ed a tots els animals que la formen! Va ser un dia molt emocionant!<\/p>\n<p>Podeu clicar el seg\u00fcent <a href=\"https:\/\/www.can-gel.com\/es\/\">enlla\u00e7<\/a> per con\u00e8ixer la granja Can gel amb m\u00e9s detall!<\/p>\n<p>&nbsp;<\/p>\n<blockquote class=\"wp-embedded-content\" data-secret=\"ClaAHO4d5K\"><p><a href=\"https:\/\/agora.xtec.cat\/escolapacocandel\/fotos-privat\/sortida-can-gel\/\">Protegit: Sortida Can gel<\/a><\/p><\/blockquote>\n<p><iframe loading=\"lazy\" class=\"wp-embedded-content\" sandbox=\"allow-scripts\" security=\"restricted\" style=\"position: absolute; clip: rect(1px, 1px, 1px, 1px);\" title=\"&#8220;Protegit: Sortida Can gel&#8221; &#8212; Escola Paco Candel\" src=\"https:\/\/agora.xtec.cat\/escolapacocandel\/fotos-privat\/sortida-can-gel\/embed\/#?secret=toIRFgLpXn#?secret=ClaAHO4d5K\" data-secret=\"ClaAHO4d5K\" width=\"500\" height=\"282\" frameborder=\"0\" marginwidth=\"0\" marginheight=\"0\" scrolling=\"no\"><\/iframe><\/p>\n","protected":false},"excerpt":{"rendered":"<p>El passat divendres 13 de maig, les nenes i nens de tercer van poder gaudir d&#8217;un dia a la natura, fent una visita guiada i personalitzada per una granja de vaques frisones.<br \/>\nA l&#8217;aula, es va fer un treball previ per equips cooperatius, amb l&#8217;objectiu d&#8217;esbrinar&hellip;  <a href=\"https:\/\/agora.xtec.cat\/escolapacocandel\/comunitat-de-mitjans\/3r\/viu-can-gel\/\" title=\"Read Viu Can gel!\">Llegeix m\u00e9s\u00bb<\/a><\/p>\n","protected":false},"author":18,"featured_media":6336,"comment_status":"open","ping_status":"closed","sticky":false,"template":"","format":"standard","meta":{"_bbp_topic_count":0,"_bbp_reply_count":0,"_bbp_total_topic_count":0,"_bbp_total_reply_count":0,"_bbp_voice_count":0,"_bbp_anonymous_reply_count":0,"_bbp_topic_count_hidden":0,"_bbp_reply_count_hidden":0,"_bbp_forum_subforum_count":0,"footnotes":""},"categories":[141],"tags":[],"class_list":["post-6335","post","type-post","status-publish","format-standard","has-post-thumbnail","hentry","category-3r"],"post_mailing_queue_ids":[],"_links":{"self":[{"href":"https:\/\/agora.xtec.cat\/escolapacocandel\/wp-json\/wp\/v2\/posts\/6335","targetHints":{"allow":["GET"]}}],"collection":[{"href":"https:\/\/agora.xtec.cat\/escolapacocandel\/wp-json\/wp\/v2\/posts"}],"about":[{"href":"https:\/\/agora.xtec.cat\/escolapacocandel\/wp-json\/wp\/v2\/types\/post"}],"author":[{"embeddable":true,"href":"https:\/\/agora.xtec.cat\/escolapacocandel\/wp-json\/wp\/v2\/users\/18"}],"replies":[{"embeddable":true,"href":"https:\/\/agora.xtec.cat\/escolapacocandel\/wp-json\/wp\/v2\/comments?post=6335"}],"version-history":[{"count":1,"href":"https:\/\/agora.xtec.cat\/escolapacocandel\/wp-json\/wp\/v2\/posts\/6335\/revisions"}],"predecessor-version":[{"id":6337,"href":"https:\/\/agora.xtec.cat\/escolapacocandel\/wp-json\/wp\/v2\/posts\/6335\/revisions\/6337"}],"wp:featuredmedia":[{"embeddable":true,"href":"https:\/\/agora.xtec.cat\/escolapacocandel\/wp-json\/wp\/v2\/media\/6336"}],"wp:attachment":[{"href":"https:\/\/agora.xtec.cat\/escolapacocandel\/wp-json\/wp\/v2\/media?parent=6335"}],"wp:term":[{"taxonomy":"category","embeddable":true,"href":"https:\/\/agora.xtec.cat\/escolapacocandel\/wp-json\/wp\/v2\/categories?post=6335"},{"taxonomy":"post_tag","embeddable":true,"href":"https:\/\/agora.xtec.cat\/escolapacocandel\/wp-json\/wp\/v2\/tags?post=6335"}],"curies":[{"name":"wp","href":"https:\/\/api.w.org\/{rel}","templated":true}]}}