{"id":6331,"date":"2022-05-16T16:15:04","date_gmt":"2022-05-16T14:15:04","guid":{"rendered":"https:\/\/agora.xtec.cat\/escolapacocandel\/?p=6331"},"modified":"2023-11-09T13:51:07","modified_gmt":"2023-11-09T12:51:07","slug":"sortida-a-can-montcau-4-anys-a-tortugues","status":"publish","type":"post","link":"https:\/\/agora.xtec.cat\/escolapacocandel\/comunitat-de-petits\/sortida-a-can-montcau-4-anys-a-tortugues\/","title":{"rendered":"Sortida a Can Montcau (4 anys A, &#8220;Tortugues&#8221;)"},"content":{"rendered":"<p><span style=\"font-weight: 400;\">El passat dilluns 25 d\u2019abril els nens i les nenes de 4 anys, del grup de Tortugues, van anar a Can Montcau a observar l\u2019entorn natural a la primavera i a realitzar un taller d\u2019hort.\u00a0<\/span><\/p>\n<p><span style=\"font-weight: 400;\">Van poder gaudir d\u2019un dia preci\u00f3s, fent un passeig pels voltants i impregnant-se de tot all\u00f2 que els seus sentits els van proporcionar. Un regal visual, en contemplar el paisatge de primavera, tot ple de diferents colors: el verd de l\u2019herba, el groc i el blanc dels prats plens de flors, el vermell de les roselles que s&#8217;anaven trobant a les vores dels camins, el lila d\u2019algunes altres floretes\u2026 Tamb\u00e9 van respirar aire de la muntanya, apreciant les olors dels diferents llocs per on passaven (la granja, els camps d\u2019herba, de flors&#8230;).<\/span><\/p>\n<p><span style=\"font-weight: 400;\">Primer de tot, van anar a visitar al cavall salvatge que tenen a la granja i all\u00e0 els monitors els van explicar que utilitzen els seus fems per a les plantes, ja que s\u00f3n vitamines per ajudar-les a cr\u00e9ixer.<\/span><\/p>\n<p><span style=\"font-weight: 400;\">Mentre continuaven el passeig, van anar descobrint aspectes molt interessants de la vida de les persones que treballen al camp, que van aprendre que es diuen \u201cpag\u00e8s i pagesa\u201d i que vivien a una casa anomenada \u201cmasia\u201d. Van fer una parada per poder observar-la, aix\u00ed com els camps i prats dels voltants de la masia i algun arbre fruiter que hi plantaven per poder autoproveir-se&#8230;\u00a0<\/span><\/p>\n<p><span style=\"font-weight: 400;\">Una vegada van arribar a l\u2019hort, van veure un hivernacle, presidit per un espantaocells molt graci\u00f3s. Els monitors i monitores els van ensenyar les eines que utilitzen a l\u2019hort (algunes de les quals ja coneixien), els seus noms i la funci\u00f3 de cadascuna, ja que despr\u00e9s les farien servir tots i totes&#8230;\u00a0<\/span><\/p>\n<p><span style=\"font-weight: 400;\">I&#8230; va arribar el gran moment tan esperat per tothom!! Els nens i nenes del grup de Tortugues es van convertir en pagesos i pageses de veritat!!. Es van posar mans a l\u2019obra, amb rasclets, pales i altres eines de l&#8217;hort, per moure la terra i aix\u00ed oxigenar-la. Va ser molt divertit, sobretot quan van posar un peu a la terra de l\u2019hort i van notar que s\u2019enfonsaven, ja que la terra estava molt oxigenada. Tamb\u00e9 van plantar planters de cebes i&#8230;, planta que plantar\u00e0s, van aprendre moltes altres coses: quines parts t\u00e9 una planta, qu\u00e8 necessiten per cr\u00e8ixer, \u2026<\/span><\/p>\n<p>I, de tornada per anar a dinar, van fer una parada a un prat, on van poder regalar una estoneta agradable als seus sentits, contemplant el paisatge primaveral, escoltant el cant dels ocells, agafant aire pur de la muntanya&#8230;<\/p>\n<p>Un cop acabat el taller, els monitors i monitores van regalar plantetes d&#8217;alberg\u00ednies, enciams i pastanagues al grup de Tortugues, que van plantar a l&#8217;escola dies despr\u00e9s.<\/p>\n<p><a href=\"https:\/\/agora.xtec.cat\/escolapacocandel\/wp-content\/uploads\/usu332\/2022\/05\/1651149425411.jpg\"><img loading=\"lazy\" decoding=\"async\" class=\"wp-image-6339 aligncenter\" src=\"https:\/\/agora.xtec.cat\/escolapacocandel\/wp-content\/uploads\/usu332\/2022\/05\/1651149425411.jpg\" alt=\"\" width=\"566\" height=\"258\" srcset=\"https:\/\/agora.xtec.cat\/escolapacocandel\/wp-content\/uploads\/usu332\/2022\/05\/1651149425411.jpg 1024w, https:\/\/agora.xtec.cat\/escolapacocandel\/wp-content\/uploads\/usu332\/2022\/05\/1651149425411-300x137.jpg 300w, https:\/\/agora.xtec.cat\/escolapacocandel\/wp-content\/uploads\/usu332\/2022\/05\/1651149425411-768x350.jpg 768w\" sizes=\"auto, (max-width: 566px) 100vw, 566px\" \/>\u00a0<\/a><span style=\"font-weight: 400;\">M\u00e9s imatges de la sortida <a href=\"https:\/\/agora.xtec.cat\/escolapacocandel\/wp-admin\/post.php?post=6329&amp;action=edit\">aqu\u00ed<\/a><\/span><\/p>\n","protected":false},"excerpt":{"rendered":"<p>El passat dilluns 25 d\u2019abril els nens i les nenes de 4 anys, del grup de Tortugues, van anar a Can Montcau a observar l\u2019entorn natural a la primavera i a realitzar un taller d\u2019hort.\u00a0<br \/>\nVan poder gaudir d\u2019un dia preci\u00f3s, fent un passeig pels voltants&hellip;  <a href=\"https:\/\/agora.xtec.cat\/escolapacocandel\/comunitat-de-petits\/sortida-a-can-montcau-4-anys-a-tortugues\/\" title=\"Read Sortida a Can Montcau (4 anys A, &#8220;Tortugues&#8221;)\">Llegeix m\u00e9s\u00bb<\/a><\/p>\n","protected":false},"author":1,"featured_media":6339,"comment_status":"open","ping_status":"closed","sticky":false,"template":"","format":"standard","meta":{"_bbp_topic_count":0,"_bbp_reply_count":0,"_bbp_total_topic_count":0,"_bbp_total_reply_count":0,"_bbp_voice_count":0,"_bbp_anonymous_reply_count":0,"_bbp_topic_count_hidden":0,"_bbp_reply_count_hidden":0,"_bbp_forum_subforum_count":0,"footnotes":""},"categories":[182,183,128],"tags":[],"class_list":["post-6331","post","type-post","status-publish","format-standard","has-post-thumbnail","hentry","category-3-anys","category-4-anys","category-comunitat-de-petits"],"post_mailing_queue_ids":[],"_links":{"self":[{"href":"https:\/\/agora.xtec.cat\/escolapacocandel\/wp-json\/wp\/v2\/posts\/6331","targetHints":{"allow":["GET"]}}],"collection":[{"href":"https:\/\/agora.xtec.cat\/escolapacocandel\/wp-json\/wp\/v2\/posts"}],"about":[{"href":"https:\/\/agora.xtec.cat\/escolapacocandel\/wp-json\/wp\/v2\/types\/post"}],"author":[{"embeddable":true,"href":"https:\/\/agora.xtec.cat\/escolapacocandel\/wp-json\/wp\/v2\/users\/1"}],"replies":[{"embeddable":true,"href":"https:\/\/agora.xtec.cat\/escolapacocandel\/wp-json\/wp\/v2\/comments?post=6331"}],"version-history":[{"count":3,"href":"https:\/\/agora.xtec.cat\/escolapacocandel\/wp-json\/wp\/v2\/posts\/6331\/revisions"}],"predecessor-version":[{"id":6345,"href":"https:\/\/agora.xtec.cat\/escolapacocandel\/wp-json\/wp\/v2\/posts\/6331\/revisions\/6345"}],"wp:featuredmedia":[{"embeddable":true,"href":"https:\/\/agora.xtec.cat\/escolapacocandel\/wp-json\/wp\/v2\/media\/6339"}],"wp:attachment":[{"href":"https:\/\/agora.xtec.cat\/escolapacocandel\/wp-json\/wp\/v2\/media?parent=6331"}],"wp:term":[{"taxonomy":"category","embeddable":true,"href":"https:\/\/agora.xtec.cat\/escolapacocandel\/wp-json\/wp\/v2\/categories?post=6331"},{"taxonomy":"post_tag","embeddable":true,"href":"https:\/\/agora.xtec.cat\/escolapacocandel\/wp-json\/wp\/v2\/tags?post=6331"}],"curies":[{"name":"wp","href":"https:\/\/api.w.org\/{rel}","templated":true}]}}