{"id":6325,"date":"2022-05-11T13:00:56","date_gmt":"2022-05-11T11:00:56","guid":{"rendered":"https:\/\/agora.xtec.cat\/escolapacocandel\/?p=6325"},"modified":"2024-01-31T18:04:08","modified_gmt":"2024-01-31T17:04:08","slug":"art-al-pati-2","status":"publish","type":"post","link":"https:\/\/agora.xtec.cat\/escolapacocandel\/comunitat-de-petits\/art-al-pati-2\/","title":{"rendered":"Art al pati"},"content":{"rendered":"<p>Els infants de 3 anys han passat una tarda d&#8217;art compartida al pati. A m\u00e9s a m\u00e9s de gaudir del bon temps que est\u00e0 fent.<\/p>\n<p>El pati \u00e9s un espai m\u00e9s de l&#8217;escola on cr\u00e9ixer, compartir, formar moments i tenir experi\u00e8ncies. Aquesta vegada ha sigut gaudint de l&#8217;exterior envoltat per l&#8217;art.<\/p>\n<p>Unes boles de paper enganxades a l&#8217;arbre, unes flors per poder estampar i diversos colors per fer possible les produccions. Ah! I com no, les seves petites mans creant i deixant fruir emocions i energia.<\/p>\n<p>Us compartim un petit recull d&#8217;imatges tot seguit.<\/p>\n<p><a href=\"https:\/\/agora.xtec.cat\/escolapacocandel\/fotos-privat\/art-al-pati\/\">https:\/\/agora.xtec.cat\/escolapacocandel\/fotos-privat\/art-al-pati\/<\/a><\/p>\n<p>L&#8217;equip de 3 anys.<\/p>\n","protected":false},"excerpt":{"rendered":"<p>Els infants de 3 anys han passat una tarda d&#8217;art compartida al pati. A m\u00e9s a m\u00e9s de gaudir del bon temps que est\u00e0 fent.<br \/>\nEl pati \u00e9s un espai m\u00e9s de l&#8217;escola on cr\u00e9ixer, compartir, formar moments i tenir experi\u00e8ncies. Aquesta vegada ha sigut gaudint&hellip;  <a href=\"https:\/\/agora.xtec.cat\/escolapacocandel\/comunitat-de-petits\/art-al-pati-2\/\" title=\"Read Art al pati\">Llegeix m\u00e9s\u00bb<\/a><\/p>\n","protected":false},"author":1,"featured_media":6326,"comment_status":"open","ping_status":"closed","sticky":false,"template":"","format":"standard","meta":{"_bbp_topic_count":0,"_bbp_reply_count":0,"_bbp_total_topic_count":0,"_bbp_total_reply_count":0,"_bbp_voice_count":0,"_bbp_anonymous_reply_count":0,"_bbp_topic_count_hidden":0,"_bbp_reply_count_hidden":0,"_bbp_forum_subforum_count":0,"footnotes":""},"categories":[128],"tags":[],"class_list":["post-6325","post","type-post","status-publish","format-standard","has-post-thumbnail","hentry","category-comunitat-de-petits"],"post_mailing_queue_ids":[],"_links":{"self":[{"href":"https:\/\/agora.xtec.cat\/escolapacocandel\/wp-json\/wp\/v2\/posts\/6325","targetHints":{"allow":["GET"]}}],"collection":[{"href":"https:\/\/agora.xtec.cat\/escolapacocandel\/wp-json\/wp\/v2\/posts"}],"about":[{"href":"https:\/\/agora.xtec.cat\/escolapacocandel\/wp-json\/wp\/v2\/types\/post"}],"author":[{"embeddable":true,"href":"https:\/\/agora.xtec.cat\/escolapacocandel\/wp-json\/wp\/v2\/users\/1"}],"replies":[{"embeddable":true,"href":"https:\/\/agora.xtec.cat\/escolapacocandel\/wp-json\/wp\/v2\/comments?post=6325"}],"version-history":[{"count":2,"href":"https:\/\/agora.xtec.cat\/escolapacocandel\/wp-json\/wp\/v2\/posts\/6325\/revisions"}],"predecessor-version":[{"id":6328,"href":"https:\/\/agora.xtec.cat\/escolapacocandel\/wp-json\/wp\/v2\/posts\/6325\/revisions\/6328"}],"wp:featuredmedia":[{"embeddable":true,"href":"https:\/\/agora.xtec.cat\/escolapacocandel\/wp-json\/wp\/v2\/media\/6326"}],"wp:attachment":[{"href":"https:\/\/agora.xtec.cat\/escolapacocandel\/wp-json\/wp\/v2\/media?parent=6325"}],"wp:term":[{"taxonomy":"category","embeddable":true,"href":"https:\/\/agora.xtec.cat\/escolapacocandel\/wp-json\/wp\/v2\/categories?post=6325"},{"taxonomy":"post_tag","embeddable":true,"href":"https:\/\/agora.xtec.cat\/escolapacocandel\/wp-json\/wp\/v2\/tags?post=6325"}],"curies":[{"name":"wp","href":"https:\/\/api.w.org\/{rel}","templated":true}]}}