{"id":6300,"date":"2022-05-10T20:54:43","date_gmt":"2022-05-10T18:54:43","guid":{"rendered":"https:\/\/agora.xtec.cat\/escolapacocandel\/?p=6300"},"modified":"2023-11-09T13:51:39","modified_gmt":"2023-11-09T12:51:39","slug":"veure-pensar-sentir","status":"publish","type":"post","link":"https:\/\/agora.xtec.cat\/escolapacocandel\/comunitat-de-petits\/veure-pensar-sentir\/","title":{"rendered":"Veure pensar sentir"},"content":{"rendered":"<p><b>\u201c<\/b><b><i>La inf\u00e0ncia t\u00e9 les seves pr\u00f2pies maneres de veure, pensar i sentir; res no hi ha m\u00e9s insensat que pretendre substituir-les per les nostres.<\/i><\/b><b><i>\u201d<\/i><\/b><\/p>\n<p><b>\u00a0Jean Jacques Rousseau<\/b><\/p>\n<p>Les diferents propostes que s\u2019ofereixen a l\u2019escola van canviant i modificant-se durant el curs, tenint en compte que les necessitats dels infants tamb\u00e9 van variant. Amb cada canvi,\u00a0 es pret\u00e9n provocar una nova possibilitat d\u2019aprenentatge, una interpretaci\u00f3 i relaci\u00f3 amb els sentits. \u00c9s per aquest motiu, que els materials que es poden trobar a l\u2019escola, donen\u00a0 possibilitats d\u2019experimentaci\u00f3 i de joc. Com\u00a0 menys estructurat sigui el material, m\u00e9s opcions d\u00f3na als infants per descobrir en funci\u00f3 dels seus interessos, del seu moment maduratiu i de la seva individualitat.<\/p>\n<p>Les imatges que segueixen a continuaci\u00f3, formen part de la quotidianitat dels infants de 3 anys, en contacte amb aquest material, a la taula d\u2019experimentaci\u00f3, al sorral, amb el fang, en un entorn d\u2019infinites possibilitats sensorials i de coneixement.<\/p>\n<p>Les provocacions a l\u2019escola Paco Candel son una invitaci\u00f3, un\u00a0 suggeriment, col\u00b7locada en un rac\u00f3 de l&#8217;aula que convida als infants\u00a0 a participar, a interessar-se pel que hi ha preparat, a explorar-ho, a\u00a0 utilitzar-ho i per tant aprendre per descobriment.<\/p>\n<p>En cada provocaci\u00f3 es seleccionen uns materials diferents en funci\u00f3\u00a0 de les necessitats i interessos observats, materials que de vegades\u00a0 per si mateixos s\u00f3n font d&#8217;aprenentatge, enriquint la curiositat innata\u00a0 dels infants, naturals, de fusta, amb grans qualitats sensorials i\u00a0 manipulatives. Materials evocadors d\u2019accions i d\u2019expressi\u00f3 de\u00a0 diferents llenguatges convidant als infants a crear el seu propi\u00a0 coneixement, al seu ritme, permeten l\u2019assaig-error, la indagaci\u00f3 i la\u00a0 correcci\u00f3.<\/p>\n<p><a href=\"https:\/\/agora.xtec.cat\/escolapacocandel\/wp-content\/uploads\/usu332\/2022\/05\/ESCUMA-2.jpg\"><img loading=\"lazy\" decoding=\"async\" class=\"alignnone wp-image-6301\" src=\"https:\/\/agora.xtec.cat\/escolapacocandel\/wp-content\/uploads\/usu332\/2022\/05\/ESCUMA-2.jpg\" alt=\"\" width=\"371\" height=\"212\" srcset=\"https:\/\/agora.xtec.cat\/escolapacocandel\/wp-content\/uploads\/usu332\/2022\/05\/ESCUMA-2.jpg 678w, https:\/\/agora.xtec.cat\/escolapacocandel\/wp-content\/uploads\/usu332\/2022\/05\/ESCUMA-2-300x171.jpg 300w\" sizes=\"auto, (max-width: 371px) 100vw, 371px\" \/><\/a> <a href=\"https:\/\/agora.xtec.cat\/escolapacocandel\/wp-content\/uploads\/usu332\/2022\/05\/ESCUMA.jpg\"><img loading=\"lazy\" decoding=\"async\" class=\"alignnone wp-image-6302\" src=\"https:\/\/agora.xtec.cat\/escolapacocandel\/wp-content\/uploads\/usu332\/2022\/05\/ESCUMA.jpg\" alt=\"\" width=\"293\" height=\"334\" srcset=\"https:\/\/agora.xtec.cat\/escolapacocandel\/wp-content\/uploads\/usu332\/2022\/05\/ESCUMA.jpg 676w, https:\/\/agora.xtec.cat\/escolapacocandel\/wp-content\/uploads\/usu332\/2022\/05\/ESCUMA-263x300.jpg 263w\" sizes=\"auto, (max-width: 293px) 100vw, 293px\" \/><\/a><\/p>\n<p>La <b>taula d\u2019experimentaci\u00f3 <\/b>tamb\u00e9 ofereix molt\u00edssimes oportunitats manipulatives. Un joc ple d\u2019aprenentatges. Els infants estructuren la ment mitjan\u00e7ant la informaci\u00f3 que reben de l\u2019experimentaci\u00f3. Les taules d\u2019experimentaci\u00f3 s\u00f3n una activitat en la qual exploren experimentant i manipulant amb diversos materials. El material i els estris amb qu\u00e8 es manipulen, es van variant segons el qu\u00e8 s\u2019est\u00e0 treballant a l\u2019aula. A trav\u00e9s d\u2019aquests materials l\u2019infant pot augmentar i desenvolupar el seu nivell de concentraci\u00f3 i d\u2019imaginaci\u00f3.<\/p>\n<p>Els infants creen les seves pr\u00f2pies hip\u00f2tesis fent-se preguntes com: \u201cqu\u00e8 \u00e9s aquest material?, qu\u00e8 en puc fer?, per a qu\u00e8 serveix?, que passar\u00e0 si faig\u2026?\u201d. Tamb\u00e9 \u00e9s una manera d\u2019iniciar-se en la l\u00f2gica-matem\u00e0tica fent diferents combinacions, observacions, classificacions, comparacions, seriacions, agrupacions\u2026<\/p>\n<p>Diversos s\u00f3n els materials i diferents les textures que s\u2019ofereixen, propietats diferents per ser descobertes i manipulades, com la farina suau, l\u2019olor del caf\u00e8 en gra, la textura dels macarrons&#8230; Tot un ventall de possibilitats i descobriments.<\/p>\n<p><a href=\"https:\/\/agora.xtec.cat\/escolapacocandel\/wp-content\/uploads\/usu332\/2022\/05\/TAULA-2.jpg\"><img loading=\"lazy\" decoding=\"async\" class=\"alignnone wp-image-6303\" src=\"https:\/\/agora.xtec.cat\/escolapacocandel\/wp-content\/uploads\/usu332\/2022\/05\/TAULA-2.jpg\" alt=\"\" width=\"176\" height=\"258\" srcset=\"https:\/\/agora.xtec.cat\/escolapacocandel\/wp-content\/uploads\/usu332\/2022\/05\/TAULA-2.jpg 332w, https:\/\/agora.xtec.cat\/escolapacocandel\/wp-content\/uploads\/usu332\/2022\/05\/TAULA-2-204x300.jpg 204w\" sizes=\"auto, (max-width: 176px) 100vw, 176px\" \/><\/a> <a href=\"https:\/\/agora.xtec.cat\/escolapacocandel\/wp-content\/uploads\/usu332\/2022\/05\/TAULA-3.png\"><img loading=\"lazy\" decoding=\"async\" class=\"alignnone wp-image-6304\" src=\"https:\/\/agora.xtec.cat\/escolapacocandel\/wp-content\/uploads\/usu332\/2022\/05\/TAULA-3.png\" alt=\"\" width=\"220\" height=\"252\" srcset=\"https:\/\/agora.xtec.cat\/escolapacocandel\/wp-content\/uploads\/usu332\/2022\/05\/TAULA-3.png 676w, https:\/\/agora.xtec.cat\/escolapacocandel\/wp-content\/uploads\/usu332\/2022\/05\/TAULA-3-262x300.png 262w\" sizes=\"auto, (max-width: 220px) 100vw, 220px\" \/><\/a><a href=\"https:\/\/agora.xtec.cat\/escolapacocandel\/wp-content\/uploads\/usu332\/2022\/05\/TAULA-4.jpg\"><img loading=\"lazy\" decoding=\"async\" class=\"wp-image-6306 alignleft\" style=\"color: #222222;\" src=\"https:\/\/agora.xtec.cat\/escolapacocandel\/wp-content\/uploads\/usu332\/2022\/05\/TAULA.jpg\" alt=\"\" width=\"227\" height=\"262\" srcset=\"https:\/\/agora.xtec.cat\/escolapacocandel\/wp-content\/uploads\/usu332\/2022\/05\/TAULA.jpg 681w, https:\/\/agora.xtec.cat\/escolapacocandel\/wp-content\/uploads\/usu332\/2022\/05\/TAULA-259x300.jpg 259w\" sizes=\"auto, (max-width: 227px) 100vw, 227px\" \/><\/a><a href=\"https:\/\/agora.xtec.cat\/escolapacocandel\/wp-content\/uploads\/usu332\/2022\/05\/TAULA-4.jpg\"><img loading=\"lazy\" decoding=\"async\" class=\"wp-image-6305 alignright\" src=\"https:\/\/agora.xtec.cat\/escolapacocandel\/wp-content\/uploads\/usu332\/2022\/05\/TAULA-4.jpg\" alt=\"\" width=\"304\" height=\"241\" srcset=\"https:\/\/agora.xtec.cat\/escolapacocandel\/wp-content\/uploads\/usu332\/2022\/05\/TAULA-4.jpg 698w, https:\/\/agora.xtec.cat\/escolapacocandel\/wp-content\/uploads\/usu332\/2022\/05\/TAULA-4-300x238.jpg 300w\" sizes=\"auto, (max-width: 304px) 100vw, 304px\" \/><\/a><\/p>\n","protected":false},"excerpt":{"rendered":"<p>\u201cLa inf\u00e0ncia t\u00e9 les seves pr\u00f2pies maneres de veure, pensar i sentir; res no hi ha m\u00e9s insensat que pretendre substituir-les per les nostres.\u201d<br \/>\n\u00a0Jean Jacques Rousseau<br \/>\nLes diferents propostes que s\u2019ofereixen a l\u2019escola van canviant i modificant-se durant el curs, tenint en compte que les necessitats&hellip;  <a href=\"https:\/\/agora.xtec.cat\/escolapacocandel\/comunitat-de-petits\/veure-pensar-sentir\/\" title=\"Read Veure pensar sentir\">Llegeix m\u00e9s\u00bb<\/a><\/p>\n","protected":false},"author":1,"featured_media":6307,"comment_status":"open","ping_status":"closed","sticky":false,"template":"","format":"standard","meta":{"_bbp_topic_count":0,"_bbp_reply_count":0,"_bbp_total_topic_count":0,"_bbp_total_reply_count":0,"_bbp_voice_count":0,"_bbp_anonymous_reply_count":0,"_bbp_topic_count_hidden":0,"_bbp_reply_count_hidden":0,"_bbp_forum_subforum_count":0,"footnotes":""},"categories":[182,128],"tags":[],"class_list":["post-6300","post","type-post","status-publish","format-standard","has-post-thumbnail","hentry","category-3-anys","category-comunitat-de-petits"],"post_mailing_queue_ids":[],"_links":{"self":[{"href":"https:\/\/agora.xtec.cat\/escolapacocandel\/wp-json\/wp\/v2\/posts\/6300","targetHints":{"allow":["GET"]}}],"collection":[{"href":"https:\/\/agora.xtec.cat\/escolapacocandel\/wp-json\/wp\/v2\/posts"}],"about":[{"href":"https:\/\/agora.xtec.cat\/escolapacocandel\/wp-json\/wp\/v2\/types\/post"}],"author":[{"embeddable":true,"href":"https:\/\/agora.xtec.cat\/escolapacocandel\/wp-json\/wp\/v2\/users\/1"}],"replies":[{"embeddable":true,"href":"https:\/\/agora.xtec.cat\/escolapacocandel\/wp-json\/wp\/v2\/comments?post=6300"}],"version-history":[{"count":2,"href":"https:\/\/agora.xtec.cat\/escolapacocandel\/wp-json\/wp\/v2\/posts\/6300\/revisions"}],"predecessor-version":[{"id":6312,"href":"https:\/\/agora.xtec.cat\/escolapacocandel\/wp-json\/wp\/v2\/posts\/6300\/revisions\/6312"}],"wp:featuredmedia":[{"embeddable":true,"href":"https:\/\/agora.xtec.cat\/escolapacocandel\/wp-json\/wp\/v2\/media\/6307"}],"wp:attachment":[{"href":"https:\/\/agora.xtec.cat\/escolapacocandel\/wp-json\/wp\/v2\/media?parent=6300"}],"wp:term":[{"taxonomy":"category","embeddable":true,"href":"https:\/\/agora.xtec.cat\/escolapacocandel\/wp-json\/wp\/v2\/categories?post=6300"},{"taxonomy":"post_tag","embeddable":true,"href":"https:\/\/agora.xtec.cat\/escolapacocandel\/wp-json\/wp\/v2\/tags?post=6300"}],"curies":[{"name":"wp","href":"https:\/\/api.w.org\/{rel}","templated":true}]}}