{"id":6295,"date":"2022-05-17T13:21:21","date_gmt":"2022-05-17T11:21:21","guid":{"rendered":"https:\/\/agora.xtec.cat\/escolapacocandel\/?p=6295"},"modified":"2024-01-31T18:41:07","modified_gmt":"2024-01-31T17:41:07","slug":"sortida-al-tibidabo","status":"publish","type":"post","link":"https:\/\/agora.xtec.cat\/escolapacocandel\/general\/sortida-al-tibidabo\/","title":{"rendered":"Sortida al Tibidabo"},"content":{"rendered":"<p>Els infants de l&#8217;Univers i de la Prehist\u00f2ria hem anat al Tibidabo!<\/p>\n<p>Ens hi han invitat els organitzadors de la sortida que vam realitzar a Mercabarna &#8220;5 AL DIA&#8221;. Com que celebraven el 20\u00e8 aniversari d&#8217;aquesta activitat educativa, ho van voler celebrar portant-nos a tots al Tibidabo.<\/p>\n<p>Vam gaudir molt de totes les atraccions que estaven obertes nom\u00e9s per a nens i nenes de diferents escoles de Catalunya.<\/p>\n<p>Hi havia atraccions per a tots els gustos i vam poder pujar a aquelles que m\u00e9s ens agradaven. Molts van repetir en aquelles m\u00e9s atrevides! I d&#8217;altres, en unes de m\u00e9s relaxades&#8230;<\/p>\n<p>Va ser un dia molt divertit, esgotador i amb un final for\u00e7a remullat! Per\u00f2 va valer molt la pena!<\/p>\n<p>&nbsp;<\/p>\n<blockquote class=\"wp-embedded-content\" data-secret=\"NjNbJZtxJ0\"><p><a href=\"https:\/\/agora.xtec.cat\/escolapacocandel\/fotos-privat\/fotos-tibidabo\/\">Protegit: Fotos Tibidabo<\/a><\/p><\/blockquote>\n<p><iframe loading=\"lazy\" class=\"wp-embedded-content\" sandbox=\"allow-scripts\" security=\"restricted\" style=\"position: absolute; clip: rect(1px, 1px, 1px, 1px);\" title=\"&#8220;Protegit: Fotos Tibidabo&#8221; &#8212; Escola Paco Candel\" src=\"https:\/\/agora.xtec.cat\/escolapacocandel\/fotos-privat\/fotos-tibidabo\/embed\/#?secret=Bmtf8esgo7#?secret=NjNbJZtxJ0\" data-secret=\"NjNbJZtxJ0\" width=\"500\" height=\"282\" frameborder=\"0\" marginwidth=\"0\" marginheight=\"0\" scrolling=\"no\"><\/iframe><\/p>\n<p>&nbsp;<\/p>\n<p>&nbsp;<\/p>\n","protected":false},"excerpt":{"rendered":"<p>Els infants de l&#8217;Univers i de la Prehist\u00f2ria hem anat al Tibidabo!<br \/>\nEns hi han invitat els organitzadors de la sortida que vam realitzar a Mercabarna &#8220;5 AL DIA&#8221;. Com que celebraven el 20\u00e8 aniversari d&#8217;aquesta activitat educativa, ho van voler celebrar portant-nos a tots al&hellip;  <a href=\"https:\/\/agora.xtec.cat\/escolapacocandel\/general\/sortida-al-tibidabo\/\" title=\"Read Sortida al Tibidabo\">Llegeix m\u00e9s\u00bb<\/a><\/p>\n","protected":false},"author":1,"featured_media":6379,"comment_status":"open","ping_status":"closed","sticky":false,"template":"","format":"standard","meta":{"_bbp_topic_count":0,"_bbp_reply_count":0,"_bbp_total_topic_count":0,"_bbp_total_reply_count":0,"_bbp_voice_count":0,"_bbp_anonymous_reply_count":0,"_bbp_topic_count_hidden":0,"_bbp_reply_count_hidden":0,"_bbp_forum_subforum_count":0,"footnotes":""},"categories":[1,143,141],"tags":[],"class_list":["post-6295","post","type-post","status-publish","format-standard","has-post-thumbnail","hentry","category-general","category-4t","category-3r"],"post_mailing_queue_ids":[],"_links":{"self":[{"href":"https:\/\/agora.xtec.cat\/escolapacocandel\/wp-json\/wp\/v2\/posts\/6295","targetHints":{"allow":["GET"]}}],"collection":[{"href":"https:\/\/agora.xtec.cat\/escolapacocandel\/wp-json\/wp\/v2\/posts"}],"about":[{"href":"https:\/\/agora.xtec.cat\/escolapacocandel\/wp-json\/wp\/v2\/types\/post"}],"author":[{"embeddable":true,"href":"https:\/\/agora.xtec.cat\/escolapacocandel\/wp-json\/wp\/v2\/users\/1"}],"replies":[{"embeddable":true,"href":"https:\/\/agora.xtec.cat\/escolapacocandel\/wp-json\/wp\/v2\/comments?post=6295"}],"version-history":[{"count":2,"href":"https:\/\/agora.xtec.cat\/escolapacocandel\/wp-json\/wp\/v2\/posts\/6295\/revisions"}],"predecessor-version":[{"id":6380,"href":"https:\/\/agora.xtec.cat\/escolapacocandel\/wp-json\/wp\/v2\/posts\/6295\/revisions\/6380"}],"wp:featuredmedia":[{"embeddable":true,"href":"https:\/\/agora.xtec.cat\/escolapacocandel\/wp-json\/wp\/v2\/media\/6379"}],"wp:attachment":[{"href":"https:\/\/agora.xtec.cat\/escolapacocandel\/wp-json\/wp\/v2\/media?parent=6295"}],"wp:term":[{"taxonomy":"category","embeddable":true,"href":"https:\/\/agora.xtec.cat\/escolapacocandel\/wp-json\/wp\/v2\/categories?post=6295"},{"taxonomy":"post_tag","embeddable":true,"href":"https:\/\/agora.xtec.cat\/escolapacocandel\/wp-json\/wp\/v2\/tags?post=6295"}],"curies":[{"name":"wp","href":"https:\/\/api.w.org\/{rel}","templated":true}]}}