{"id":6287,"date":"2022-05-09T08:00:15","date_gmt":"2022-05-09T06:00:15","guid":{"rendered":"https:\/\/agora.xtec.cat\/escolapacocandel\/?p=6287"},"modified":"2024-01-31T18:16:55","modified_gmt":"2024-01-31T17:16:55","slug":"comencem-el-projecte-del-barri","status":"publish","type":"post","link":"https:\/\/agora.xtec.cat\/escolapacocandel\/general\/comencem-el-projecte-del-barri\/","title":{"rendered":"Comencem el projecte del barri!!"},"content":{"rendered":"<p>Abans de les vacances de primavera les botigues del barri ens van demanar als infants de cicle inicial que f\u00e9ssim un dibuix amb la tem\u00e0tica de Sant Jordi per decorar les seves botigues durant el mes d&#8217;abril. Ens va encantar la proposta, per\u00f2 \u00e9s que a m\u00e9s, als nens i nenes de 2n ens ha servit com a provocaci\u00f3 per iniciar el projecte d&#8217;aquest 3r trimestre: el barri!<\/p>\n<p><a style=\"color: #2795b6;\" href=\"https:\/\/agora.xtec.cat\/escolapacocandel\/wp-content\/uploads\/usu332\/2022\/05\/PXL_20220426_142056771-scaled.jpg\"><img loading=\"lazy\" decoding=\"async\" class=\"size-medium wp-image-6289 alignleft\" src=\"https:\/\/agora.xtec.cat\/escolapacocandel\/wp-content\/uploads\/usu332\/2022\/05\/PXL_20220426_142056771-300x225.jpg\" alt=\"\" width=\"300\" height=\"225\" srcset=\"https:\/\/agora.xtec.cat\/escolapacocandel\/wp-content\/uploads\/usu332\/2022\/05\/PXL_20220426_142056771-300x225.jpg 300w, https:\/\/agora.xtec.cat\/escolapacocandel\/wp-content\/uploads\/usu332\/2022\/05\/PXL_20220426_142056771-1024x768.jpg 1024w, https:\/\/agora.xtec.cat\/escolapacocandel\/wp-content\/uploads\/usu332\/2022\/05\/PXL_20220426_142056771-768x576.jpg 768w, https:\/\/agora.xtec.cat\/escolapacocandel\/wp-content\/uploads\/usu332\/2022\/05\/PXL_20220426_142056771-1536x1152.jpg 1536w, https:\/\/agora.xtec.cat\/escolapacocandel\/wp-content\/uploads\/usu332\/2022\/05\/PXL_20220426_142056771-2048x1536.jpg 2048w, https:\/\/agora.xtec.cat\/escolapacocandel\/wp-content\/uploads\/usu332\/2022\/05\/PXL_20220426_142056771-200x150.jpg 200w\" sizes=\"auto, (max-width: 300px) 100vw, 300px\" \/><\/a><\/p>\n<p>Per saber on buscar els nostres dibuixos l&#8217;associaci\u00f3 de botigueres i botiguers del barri ens va facilitar una llista amb el nom de les botigues i el carrer on estan ubicades. I aix\u00ed \u00e9s com hem posat &#8220;fil a l&#8217;agulla&#8221; i hem cercat en el mapa del barri els carrers que apareixien a la llista.<\/p>\n<p>&nbsp;<\/p>\n<p>&nbsp;<\/p>\n<p>Com que la llista era molt llarga la vam partir en trossos, un per cada grup, de manera que cada grup treballava la cerca d&#8217;informaci\u00f3 en la graella que ens havien facilita<a href=\"https:\/\/agora.xtec.cat\/escolapacocandel\/wp-content\/uploads\/usu332\/2022\/05\/PXL_20220426_140728412-scaled.jpg\"><img loading=\"lazy\" decoding=\"async\" class=\"alignright size-medium wp-image-6288\" src=\"https:\/\/agora.xtec.cat\/escolapacocandel\/wp-content\/uploads\/usu332\/2022\/05\/PXL_20220426_140728412-300x225.jpg\" alt=\"\" width=\"300\" height=\"225\" srcset=\"https:\/\/agora.xtec.cat\/escolapacocandel\/wp-content\/uploads\/usu332\/2022\/05\/PXL_20220426_140728412-300x225.jpg 300w, https:\/\/agora.xtec.cat\/escolapacocandel\/wp-content\/uploads\/usu332\/2022\/05\/PXL_20220426_140728412-1024x768.jpg 1024w, https:\/\/agora.xtec.cat\/escolapacocandel\/wp-content\/uploads\/usu332\/2022\/05\/PXL_20220426_140728412-768x576.jpg 768w, https:\/\/agora.xtec.cat\/escolapacocandel\/wp-content\/uploads\/usu332\/2022\/05\/PXL_20220426_140728412-1536x1152.jpg 1536w, https:\/\/agora.xtec.cat\/escolapacocandel\/wp-content\/uploads\/usu332\/2022\/05\/PXL_20220426_140728412-2048x1536.jpg 2048w, https:\/\/agora.xtec.cat\/escolapacocandel\/wp-content\/uploads\/usu332\/2022\/05\/PXL_20220426_140728412-200x150.jpg 200w\" sizes=\"auto, (max-width: 300px) 100vw, 300px\" \/><\/a>t i buscava el nom del carrer al mapa, o a la tauleta. Aix\u00ed, mentre treballem la cerca i selecci\u00f3 de la informaci\u00f3 que necessitem ens familiaritzem amb els mapes i els noms dels carrers del nostre barri.<\/p>\n","protected":false},"excerpt":{"rendered":"<p>Abans de les vacances de primavera les botigues del barri ens van demanar als infants de cicle inicial que f\u00e9ssim un dibuix amb la tem\u00e0tica de Sant Jordi per decorar les seves botigues durant el mes d&#8217;abril. Ens va encantar la proposta, per\u00f2 \u00e9s que&hellip;  <a href=\"https:\/\/agora.xtec.cat\/escolapacocandel\/general\/comencem-el-projecte-del-barri\/\" title=\"Read Comencem el projecte del barri!!\">Llegeix m\u00e9s\u00bb<\/a><\/p>\n","protected":false},"author":14,"featured_media":6289,"comment_status":"open","ping_status":"closed","sticky":false,"template":"","format":"standard","meta":{"_bbp_topic_count":0,"_bbp_reply_count":0,"_bbp_total_topic_count":0,"_bbp_total_reply_count":0,"_bbp_voice_count":0,"_bbp_anonymous_reply_count":0,"_bbp_topic_count_hidden":0,"_bbp_reply_count_hidden":0,"_bbp_forum_subforum_count":0,"footnotes":""},"categories":[127,1,137],"tags":[],"class_list":["post-6287","post","type-post","status-publish","format-standard","has-post-thumbnail","hentry","category-comunitat-de-mitjans","category-general","category-2n"],"post_mailing_queue_ids":[],"_links":{"self":[{"href":"https:\/\/agora.xtec.cat\/escolapacocandel\/wp-json\/wp\/v2\/posts\/6287","targetHints":{"allow":["GET"]}}],"collection":[{"href":"https:\/\/agora.xtec.cat\/escolapacocandel\/wp-json\/wp\/v2\/posts"}],"about":[{"href":"https:\/\/agora.xtec.cat\/escolapacocandel\/wp-json\/wp\/v2\/types\/post"}],"author":[{"embeddable":true,"href":"https:\/\/agora.xtec.cat\/escolapacocandel\/wp-json\/wp\/v2\/users\/14"}],"replies":[{"embeddable":true,"href":"https:\/\/agora.xtec.cat\/escolapacocandel\/wp-json\/wp\/v2\/comments?post=6287"}],"version-history":[{"count":2,"href":"https:\/\/agora.xtec.cat\/escolapacocandel\/wp-json\/wp\/v2\/posts\/6287\/revisions"}],"predecessor-version":[{"id":6291,"href":"https:\/\/agora.xtec.cat\/escolapacocandel\/wp-json\/wp\/v2\/posts\/6287\/revisions\/6291"}],"wp:featuredmedia":[{"embeddable":true,"href":"https:\/\/agora.xtec.cat\/escolapacocandel\/wp-json\/wp\/v2\/media\/6289"}],"wp:attachment":[{"href":"https:\/\/agora.xtec.cat\/escolapacocandel\/wp-json\/wp\/v2\/media?parent=6287"}],"wp:term":[{"taxonomy":"category","embeddable":true,"href":"https:\/\/agora.xtec.cat\/escolapacocandel\/wp-json\/wp\/v2\/categories?post=6287"},{"taxonomy":"post_tag","embeddable":true,"href":"https:\/\/agora.xtec.cat\/escolapacocandel\/wp-json\/wp\/v2\/tags?post=6287"}],"curies":[{"name":"wp","href":"https:\/\/api.w.org\/{rel}","templated":true}]}}