{"id":6279,"date":"2022-05-09T10:13:15","date_gmt":"2022-05-09T08:13:15","guid":{"rendered":"https:\/\/agora.xtec.cat\/escolapacocandel\/?p=6279"},"modified":"2022-05-25T22:34:28","modified_gmt":"2022-05-25T20:34:28","slug":"gimnastica-amb-els-alumnes-de-5e","status":"publish","type":"post","link":"https:\/\/agora.xtec.cat\/escolapacocandel\/general\/gimnastica-amb-els-alumnes-de-5e\/","title":{"rendered":"Gimn\u00e0stica amb els alumnes de 5\u00e8"},"content":{"rendered":"<p>Com a cloenda de les activitats treballades a final del segon trimestre, vam anar a passar un mat\u00ed a la sala de gimn\u00e0stica del poliesportiu Gornal. All\u00e0 vam poder gaudir de les seves instal\u00b7lacions. Els nens i nenes acompanyats de monitores professionals van poder treballar diferents modalitats gimn\u00e0stiques com: el terra, les barres paral\u00b7leles, la barra d\u2019equilibri i el plinton. A m\u00e9s a m\u00e9s vam provar el matal\u00e0s el\u00e0stic on tothom es va atrevir a fer diferents acrob\u00e0cies. Tots i totes ens ho vam passar S\u00daPER!!<\/p>\n<p>Per veure els v\u00eddeos seleccioneu la imatge.<\/p>\n<p><a href=\"https:\/\/agora.xtec.cat\/escolapacocandel\/fotos-privat\/videos-gimnastica-5e\/\"><img loading=\"lazy\" decoding=\"async\" class=\"wp-image-6280 aligncenter\" src=\"https:\/\/agora.xtec.cat\/escolapacocandel\/wp-content\/uploads\/usu332\/2022\/05\/Sala-gimn.png\" alt=\"\" width=\"449\" height=\"338\" srcset=\"https:\/\/agora.xtec.cat\/escolapacocandel\/wp-content\/uploads\/usu332\/2022\/05\/Sala-gimn.png 700w, https:\/\/agora.xtec.cat\/escolapacocandel\/wp-content\/uploads\/usu332\/2022\/05\/Sala-gimn-300x225.png 300w, https:\/\/agora.xtec.cat\/escolapacocandel\/wp-content\/uploads\/usu332\/2022\/05\/Sala-gimn-200x150.png 200w\" sizes=\"auto, (max-width: 449px) 100vw, 449px\" \/><\/a><\/p>\n","protected":false},"excerpt":{"rendered":"<p>Com a cloenda de les activitats treballades a final del segon trimestre, vam anar a passar un mat\u00ed a la sala de gimn\u00e0stica del poliesportiu Gornal. All\u00e0 vam poder gaudir de les seves instal\u00b7lacions. Els nens i nenes acompanyats de monitores professionals van poder treballar&hellip;  <a href=\"https:\/\/agora.xtec.cat\/escolapacocandel\/general\/gimnastica-amb-els-alumnes-de-5e\/\" title=\"Read Gimn\u00e0stica amb els alumnes de 5\u00e8\">Llegeix m\u00e9s\u00bb<\/a><\/p>\n","protected":false},"author":1,"featured_media":6280,"comment_status":"open","ping_status":"closed","sticky":false,"template":"","format":"standard","meta":{"_bbp_topic_count":0,"_bbp_reply_count":0,"_bbp_total_topic_count":0,"_bbp_total_reply_count":0,"_bbp_voice_count":0,"_bbp_anonymous_reply_count":0,"_bbp_topic_count_hidden":0,"_bbp_reply_count_hidden":0,"_bbp_forum_subforum_count":0,"footnotes":""},"categories":[1],"tags":[],"class_list":["post-6279","post","type-post","status-publish","format-standard","has-post-thumbnail","hentry","category-general"],"post_mailing_queue_ids":[],"_links":{"self":[{"href":"https:\/\/agora.xtec.cat\/escolapacocandel\/wp-json\/wp\/v2\/posts\/6279","targetHints":{"allow":["GET"]}}],"collection":[{"href":"https:\/\/agora.xtec.cat\/escolapacocandel\/wp-json\/wp\/v2\/posts"}],"about":[{"href":"https:\/\/agora.xtec.cat\/escolapacocandel\/wp-json\/wp\/v2\/types\/post"}],"author":[{"embeddable":true,"href":"https:\/\/agora.xtec.cat\/escolapacocandel\/wp-json\/wp\/v2\/users\/1"}],"replies":[{"embeddable":true,"href":"https:\/\/agora.xtec.cat\/escolapacocandel\/wp-json\/wp\/v2\/comments?post=6279"}],"version-history":[{"count":2,"href":"https:\/\/agora.xtec.cat\/escolapacocandel\/wp-json\/wp\/v2\/posts\/6279\/revisions"}],"predecessor-version":[{"id":6284,"href":"https:\/\/agora.xtec.cat\/escolapacocandel\/wp-json\/wp\/v2\/posts\/6279\/revisions\/6284"}],"wp:featuredmedia":[{"embeddable":true,"href":"https:\/\/agora.xtec.cat\/escolapacocandel\/wp-json\/wp\/v2\/media\/6280"}],"wp:attachment":[{"href":"https:\/\/agora.xtec.cat\/escolapacocandel\/wp-json\/wp\/v2\/media?parent=6279"}],"wp:term":[{"taxonomy":"category","embeddable":true,"href":"https:\/\/agora.xtec.cat\/escolapacocandel\/wp-json\/wp\/v2\/categories?post=6279"},{"taxonomy":"post_tag","embeddable":true,"href":"https:\/\/agora.xtec.cat\/escolapacocandel\/wp-json\/wp\/v2\/tags?post=6279"}],"curies":[{"name":"wp","href":"https:\/\/api.w.org\/{rel}","templated":true}]}}