{"id":6240,"date":"2022-04-29T09:00:31","date_gmt":"2022-04-29T07:00:31","guid":{"rendered":"https:\/\/agora.xtec.cat\/escolapacocandel\/?p=6240"},"modified":"2024-01-31T18:41:31","modified_gmt":"2024-01-31T17:41:31","slug":"sant-jordi-a-cicle-mitja","status":"publish","type":"post","link":"https:\/\/agora.xtec.cat\/escolapacocandel\/general\/sant-jordi-a-cicle-mitja\/","title":{"rendered":"Sant Jordi a Cicle Mitj\u00e0!"},"content":{"rendered":"<p>El passat divendres 22 d&#8217;abril, vam poder celebrar amb antelaci\u00f3 el dia de Sant Jordi.<\/p>\n<p>Vam fer una lectura col\u00b7lectiva entre nivells i despr\u00e9s un taller relacionat amb els contes presentats. L&#8217;alumnat s&#8217;ho va passar molt b\u00e9!<\/p>\n<p>Els infants de 3r van poder con\u00e8ixer dos contes: &#8220;La princesa rebel&#8221; i &#8220;Me llamo Pecas&#8221;. Per altra banda i de forma paral\u00b7lela, els infants de 4t van llegir els seg\u00fcents contes: &#8220;Els fantasmes no truquen a la porta&#8221; i &#8220;No vull ser princesa&#8221;. Quatres contes il\u00b7lustrats que ens van permetre generar un debat a les aules sobre la diversitat i els rols que pot adoptar una persona en la vida real.<\/p>\n<p>El taller proposat a 3r va ser fer la creaci\u00f3 d&#8217;un puzzle relacionat amb els contes. Cadasc\u00fa va poder deixar volar la seva imaginaci\u00f3 i crear un trencaclosques \u00fanic! Com a taller de cloenda a 4t, l&#8217;alumnat va poder escollir en fer dos punts de llibre molt originals: un amb forma de drac i d&#8217;altres amb retalls de teixits!<\/p>\n<blockquote class=\"wp-embedded-content\" data-secret=\"xxHLYlIvIO\"><p><a href=\"https:\/\/agora.xtec.cat\/escolapacocandel\/fotos-privat\/recull-fotografies-sant-jordi-3r\/\">Protegit: Recull fotografies Sant Jordi 3r<\/a><\/p><\/blockquote>\n<p><iframe loading=\"lazy\" class=\"wp-embedded-content\" sandbox=\"allow-scripts\" security=\"restricted\" style=\"position: absolute; clip: rect(1px, 1px, 1px, 1px);\" title=\"&#8220;Protegit: Recull fotografies Sant Jordi 3r&#8221; &#8212; Escola Paco Candel\" src=\"https:\/\/agora.xtec.cat\/escolapacocandel\/fotos-privat\/recull-fotografies-sant-jordi-3r\/embed\/#?secret=LXar4ZJHS0#?secret=xxHLYlIvIO\" data-secret=\"xxHLYlIvIO\" width=\"500\" height=\"282\" frameborder=\"0\" marginwidth=\"0\" marginheight=\"0\" scrolling=\"no\"><\/iframe><\/p>\n<blockquote class=\"wp-embedded-content\" data-secret=\"uuy9rCoHem\"><p><a href=\"https:\/\/agora.xtec.cat\/escolapacocandel\/fotos-privat\/recull-fotografies-sant-jordi-4t\/\">Protegit: Recull fotografies Sant Jordi 4t<\/a><\/p><\/blockquote>\n<p><iframe loading=\"lazy\" class=\"wp-embedded-content\" sandbox=\"allow-scripts\" security=\"restricted\" style=\"position: absolute; clip: rect(1px, 1px, 1px, 1px);\" title=\"&#8220;Protegit: Recull fotografies Sant Jordi 4t&#8221; &#8212; Escola Paco Candel\" src=\"https:\/\/agora.xtec.cat\/escolapacocandel\/fotos-privat\/recull-fotografies-sant-jordi-4t\/embed\/#?secret=RPPmQIc3Mj#?secret=uuy9rCoHem\" data-secret=\"uuy9rCoHem\" width=\"500\" height=\"282\" frameborder=\"0\" marginwidth=\"0\" marginheight=\"0\" scrolling=\"no\"><\/iframe><\/p>\n","protected":false},"excerpt":{"rendered":"<p>El passat divendres 22 d&#8217;abril, vam poder celebrar amb antelaci\u00f3 el dia de Sant Jordi.<br \/>\nVam fer una lectura col\u00b7lectiva entre nivells i despr\u00e9s un taller relacionat amb els contes presentats. L&#8217;alumnat s&#8217;ho va passar molt b\u00e9!<br \/>\nEls infants de 3r van poder con\u00e8ixer dos contes: &#8220;La&hellip;  <a href=\"https:\/\/agora.xtec.cat\/escolapacocandel\/general\/sant-jordi-a-cicle-mitja\/\" title=\"Read Sant Jordi a Cicle Mitj\u00e0!\">Llegeix m\u00e9s\u00bb<\/a><\/p>\n","protected":false},"author":18,"featured_media":6243,"comment_status":"open","ping_status":"closed","sticky":false,"template":"","format":"standard","meta":{"_bbp_topic_count":0,"_bbp_reply_count":0,"_bbp_total_topic_count":0,"_bbp_total_reply_count":0,"_bbp_voice_count":0,"_bbp_anonymous_reply_count":0,"_bbp_topic_count_hidden":0,"_bbp_reply_count_hidden":0,"_bbp_forum_subforum_count":0,"footnotes":""},"categories":[1,143,141],"tags":[],"class_list":["post-6240","post","type-post","status-publish","format-standard","has-post-thumbnail","hentry","category-general","category-4t","category-3r"],"post_mailing_queue_ids":[],"_links":{"self":[{"href":"https:\/\/agora.xtec.cat\/escolapacocandel\/wp-json\/wp\/v2\/posts\/6240","targetHints":{"allow":["GET"]}}],"collection":[{"href":"https:\/\/agora.xtec.cat\/escolapacocandel\/wp-json\/wp\/v2\/posts"}],"about":[{"href":"https:\/\/agora.xtec.cat\/escolapacocandel\/wp-json\/wp\/v2\/types\/post"}],"author":[{"embeddable":true,"href":"https:\/\/agora.xtec.cat\/escolapacocandel\/wp-json\/wp\/v2\/users\/18"}],"replies":[{"embeddable":true,"href":"https:\/\/agora.xtec.cat\/escolapacocandel\/wp-json\/wp\/v2\/comments?post=6240"}],"version-history":[{"count":1,"href":"https:\/\/agora.xtec.cat\/escolapacocandel\/wp-json\/wp\/v2\/posts\/6240\/revisions"}],"predecessor-version":[{"id":6244,"href":"https:\/\/agora.xtec.cat\/escolapacocandel\/wp-json\/wp\/v2\/posts\/6240\/revisions\/6244"}],"wp:featuredmedia":[{"embeddable":true,"href":"https:\/\/agora.xtec.cat\/escolapacocandel\/wp-json\/wp\/v2\/media\/6243"}],"wp:attachment":[{"href":"https:\/\/agora.xtec.cat\/escolapacocandel\/wp-json\/wp\/v2\/media?parent=6240"}],"wp:term":[{"taxonomy":"category","embeddable":true,"href":"https:\/\/agora.xtec.cat\/escolapacocandel\/wp-json\/wp\/v2\/categories?post=6240"},{"taxonomy":"post_tag","embeddable":true,"href":"https:\/\/agora.xtec.cat\/escolapacocandel\/wp-json\/wp\/v2\/tags?post=6240"}],"curies":[{"name":"wp","href":"https:\/\/api.w.org\/{rel}","templated":true}]}}