{"id":6233,"date":"2022-04-27T13:40:25","date_gmt":"2022-04-27T11:40:25","guid":{"rendered":"https:\/\/agora.xtec.cat\/escolapacocandel\/?p=6233"},"modified":"2022-05-01T19:39:17","modified_gmt":"2022-05-01T17:39:17","slug":"sortida-can-montcau-classe-dels-cavalls","status":"publish","type":"post","link":"https:\/\/agora.xtec.cat\/escolapacocandel\/general\/sortida-can-montcau-classe-dels-cavalls\/","title":{"rendered":"Sortida Can Montcau (Classe dels cavalls)"},"content":{"rendered":"<p>Hola fam\u00edlies!<\/p>\n<p>El dilluns els nens i les nenes de la classe dels cavalls van anar de sortida a Can Montcau, on van tenir l&#8217;oportunitat d&#8217;experimentar i con\u00e8ixer l&#8217;hort de la casa.<\/p>\n<p>Al arribar, van agafar forces esmorzant per tal d&#8217;estar preparats per comen\u00e7ar el dia amb energia. Despr\u00e9s els monitors els van fer un petit recorregut per tal de veure diferents animals de granja i els van explicar que la sorra de l&#8217;hort es prepara amb els fems d&#8217;aquests animals. Seguidament, van anar cap a l&#8217;hort on van poder preparar la terra amb diferents estris (com la pala, el rasclet, l&#8217;aixada, etc.) i van plantar diferents hortalisses (alberg\u00ednies i enciams). Un cop l&#8217;activitat va finalitzar, els nens i les nenes van anar a dinar sota l&#8217;ombra dels pins. Uns dies despr\u00e9s, els infants van plantar els planters que ens van regalar el dia de l&#8217;excursi\u00f3 (alberg\u00ednies, pastanagues i enciams).<\/p>\n<p><a href=\"https:\/\/agora.xtec.cat\/escolapacocandel\/wp-content\/uploads\/usu332\/2022\/04\/imatge-bloc.jpg\"><img loading=\"lazy\" decoding=\"async\" class=\"wp-image-6257 aligncenter\" src=\"https:\/\/agora.xtec.cat\/escolapacocandel\/wp-content\/uploads\/usu332\/2022\/04\/imatge-bloc-1024x341.jpg\" alt=\"\" width=\"516\" height=\"172\" srcset=\"https:\/\/agora.xtec.cat\/escolapacocandel\/wp-content\/uploads\/usu332\/2022\/04\/imatge-bloc-1024x341.jpg 1024w, https:\/\/agora.xtec.cat\/escolapacocandel\/wp-content\/uploads\/usu332\/2022\/04\/imatge-bloc-300x100.jpg 300w, https:\/\/agora.xtec.cat\/escolapacocandel\/wp-content\/uploads\/usu332\/2022\/04\/imatge-bloc-768x256.jpg 768w, https:\/\/agora.xtec.cat\/escolapacocandel\/wp-content\/uploads\/usu332\/2022\/04\/imatge-bloc-1536x511.jpg 1536w, https:\/\/agora.xtec.cat\/escolapacocandel\/wp-content\/uploads\/usu332\/2022\/04\/imatge-bloc.jpg 1782w\" sizes=\"auto, (max-width: 516px) 100vw, 516px\" \/><\/a><\/p>\n<blockquote class=\"wp-embedded-content\" data-secret=\"DLdubGHJSh\"><p><a href=\"https:\/\/agora.xtec.cat\/escolapacocandel\/fotos-privat\/sortida-can-montcau\/\">Protegit: Imatges sortida Can Montcau Cavalls<\/a><\/p><\/blockquote>\n<p><iframe loading=\"lazy\" class=\"wp-embedded-content\" sandbox=\"allow-scripts\" security=\"restricted\" style=\"position: absolute; clip: rect(1px, 1px, 1px, 1px);\" title=\"&#8220;Protegit: Imatges sortida Can Montcau Cavalls&#8221; &#8212; Escola Paco Candel\" src=\"https:\/\/agora.xtec.cat\/escolapacocandel\/fotos-privat\/sortida-can-montcau\/embed\/#?secret=ulM4IjK6p7#?secret=DLdubGHJSh\" data-secret=\"DLdubGHJSh\" width=\"500\" height=\"282\" frameborder=\"0\" marginwidth=\"0\" marginheight=\"0\" scrolling=\"no\"><\/iframe><\/p>\n<p>&nbsp;<\/p>\n","protected":false},"excerpt":{"rendered":"<p>Hola fam\u00edlies!<br \/>\nEl dilluns els nens i les nenes de la classe dels cavalls van anar de sortida a Can Montcau, on van tenir l&#8217;oportunitat d&#8217;experimentar i con\u00e8ixer l&#8217;hort de la casa.<br \/>\nAl arribar, van agafar forces esmorzant per tal d&#8217;estar preparats per comen\u00e7ar el dia amb&hellip;  <a href=\"https:\/\/agora.xtec.cat\/escolapacocandel\/general\/sortida-can-montcau-classe-dels-cavalls\/\" title=\"Read Sortida Can Montcau (Classe dels cavalls)\">Llegeix m\u00e9s\u00bb<\/a><\/p>\n","protected":false},"author":1,"featured_media":6257,"comment_status":"open","ping_status":"closed","sticky":false,"template":"","format":"standard","meta":{"_bbp_topic_count":0,"_bbp_reply_count":0,"_bbp_total_topic_count":0,"_bbp_total_reply_count":0,"_bbp_voice_count":0,"_bbp_anonymous_reply_count":0,"_bbp_topic_count_hidden":0,"_bbp_reply_count_hidden":0,"_bbp_forum_subforum_count":0,"footnotes":""},"categories":[1],"tags":[],"class_list":["post-6233","post","type-post","status-publish","format-standard","has-post-thumbnail","hentry","category-general"],"post_mailing_queue_ids":[],"_links":{"self":[{"href":"https:\/\/agora.xtec.cat\/escolapacocandel\/wp-json\/wp\/v2\/posts\/6233","targetHints":{"allow":["GET"]}}],"collection":[{"href":"https:\/\/agora.xtec.cat\/escolapacocandel\/wp-json\/wp\/v2\/posts"}],"about":[{"href":"https:\/\/agora.xtec.cat\/escolapacocandel\/wp-json\/wp\/v2\/types\/post"}],"author":[{"embeddable":true,"href":"https:\/\/agora.xtec.cat\/escolapacocandel\/wp-json\/wp\/v2\/users\/1"}],"replies":[{"embeddable":true,"href":"https:\/\/agora.xtec.cat\/escolapacocandel\/wp-json\/wp\/v2\/comments?post=6233"}],"version-history":[{"count":3,"href":"https:\/\/agora.xtec.cat\/escolapacocandel\/wp-json\/wp\/v2\/posts\/6233\/revisions"}],"predecessor-version":[{"id":6258,"href":"https:\/\/agora.xtec.cat\/escolapacocandel\/wp-json\/wp\/v2\/posts\/6233\/revisions\/6258"}],"wp:featuredmedia":[{"embeddable":true,"href":"https:\/\/agora.xtec.cat\/escolapacocandel\/wp-json\/wp\/v2\/media\/6257"}],"wp:attachment":[{"href":"https:\/\/agora.xtec.cat\/escolapacocandel\/wp-json\/wp\/v2\/media?parent=6233"}],"wp:term":[{"taxonomy":"category","embeddable":true,"href":"https:\/\/agora.xtec.cat\/escolapacocandel\/wp-json\/wp\/v2\/categories?post=6233"},{"taxonomy":"post_tag","embeddable":true,"href":"https:\/\/agora.xtec.cat\/escolapacocandel\/wp-json\/wp\/v2\/tags?post=6233"}],"curies":[{"name":"wp","href":"https:\/\/api.w.org\/{rel}","templated":true}]}}