{"id":6220,"date":"2022-04-27T13:23:05","date_gmt":"2022-04-27T11:23:05","guid":{"rendered":"https:\/\/agora.xtec.cat\/escolapacocandel\/?p=6220"},"modified":"2024-01-31T18:54:57","modified_gmt":"2024-01-31T17:54:57","slug":"tomando-conciencia-5e","status":"publish","type":"post","link":"https:\/\/agora.xtec.cat\/escolapacocandel\/comunitat-de-grans\/tomando-conciencia-5e\/","title":{"rendered":"Tomando Conciencia 5\u00e8"},"content":{"rendered":"<p>L&#8217;alumnat de 5\u00e8 ha participat en el projecte &#8220;Tomando Conciencia&#8221; al llarg del segon trimestre. A partir dels objectius plantejats al programa, s\u2019han creat uns missatges clau per a cada un dels sis pilars del projecte, que poden servir com a criteris d\u2019aprenentatge i com a guia per a la planificaci\u00f3 i la realitzaci\u00f3 de les activitats proposades. Els sis pilars d&#8217;aquest projecte estan relacionats amb: l&#8217;alimentaci\u00f3, l&#8217;activitat f\u00edsica, la gesti\u00f3 de les emocions, la inclusi\u00f3 social, la sostenibilitat i el coneixement del cos.<\/p>\n<p>Al llarg de tretze setmanes, s&#8217;han fet reptes setmanals amb una estructura pautada:<\/p>\n<ul>\n<li>V\u00eddeo d&#8217;un ambaixador o una ambaixadora d&#8217;un minut<\/li>\n<li>Un conte il\u00b7lustrat pels personatges del Tomando Conciencia: l&#8217;\u00c0lex, el Sam o la Noa<\/li>\n<li>Unes preguntes i una redacci\u00f3<\/li>\n<li>I 6 Kahoots per refor\u00e7ar els coneixements<\/li>\n<\/ul>\n<p><a style=\"color: #2795b6;\" href=\"https:\/\/agora.xtec.cat\/escolapacocandel\/wp-content\/uploads\/usu332\/2022\/04\/Captura.png\"><img loading=\"lazy\" decoding=\"async\" class=\"wp-image-6226 alignright\" src=\"https:\/\/agora.xtec.cat\/escolapacocandel\/wp-content\/uploads\/usu332\/2022\/04\/Captura.png\" alt=\"\" width=\"337\" height=\"220\" srcset=\"https:\/\/agora.xtec.cat\/escolapacocandel\/wp-content\/uploads\/usu332\/2022\/04\/Captura.png 697w, https:\/\/agora.xtec.cat\/escolapacocandel\/wp-content\/uploads\/usu332\/2022\/04\/Captura-300x195.png 300w\" sizes=\"auto, (max-width: 337px) 100vw, 337px\" \/><\/a>Cada nen i nena tenien unes claus personals per poder puntuar al m\u00e0xim possible al llarg dels reptes, sense oblidar que tamb\u00e9 sumen com a grup. Per tant, podien fer el seguiment d&#8217;en quin punt es trobaven amb els seus aprenentatges i les puntuacions que aconseguien. A m\u00e9s, el repte final era un objectiu f\u00e0cil d\u2019assolir, per\u00f2 la canalla es motiva i s\u2019esfor\u00e7a en cada lli\u00e7\u00f3 per augmentar la puntuaci\u00f3 del conjunt de la classe.<\/p>\n<p>Com a premi per aconseguir els reptes plantejats cada setmana, vam anar de sortida a la Mar Bella per fer una cloenda, on vam coincidir amb uns 1.000 nens i nenes de diferents escoles de Barcelona, L&#8217;Hospitalet de Llobregat, Badalona i el Maresme.<\/p>\n<p>L\u2019activitat va constar de la realitzaci\u00f3 de 6 reptes\/jocs que anir\u00e0 dinamitzant la presentadora des de la tarima i amb dos monitors de suport:<\/p>\n<ul>\n<li>Joc\/Repte 1: Formes saludables<\/li>\n<li>Joc\/Repte 2: La persona impostora<\/li>\n<li>Joc\/Repte 3: a pel 3!<\/li>\n<li>Joc\/Repte 4: Acroesport<\/li>\n<li>Joc\/Repte 5: Preguntes amb moviment<\/li>\n<li>Joc\/Repte final: Ballem! (coreografia que aprendrem al moment)<\/li>\n<\/ul>\n<p>Aqu\u00ed podeu gaudir de les fotografies d&#8217;aquest dia tan saludable i divertit!<\/p>\n<blockquote class=\"wp-embedded-content\" data-secret=\"LQJI5h87M8\"><p><a href=\"https:\/\/agora.xtec.cat\/escolapacocandel\/fotos-privat\/fotos-tomando-conciencia-5e\/\">Protegit: Fotos Tomando Conciencia 5\u00e8<\/a><\/p><\/blockquote>\n<p><iframe loading=\"lazy\" class=\"wp-embedded-content\" sandbox=\"allow-scripts\" security=\"restricted\" style=\"position: absolute; clip: rect(1px, 1px, 1px, 1px);\" title=\"&#8220;Protegit: Fotos Tomando Conciencia 5\u00e8&#8221; &#8212; Escola Paco Candel\" src=\"https:\/\/agora.xtec.cat\/escolapacocandel\/fotos-privat\/fotos-tomando-conciencia-5e\/embed\/#?secret=0dT4YYZy84#?secret=LQJI5h87M8\" data-secret=\"LQJI5h87M8\" width=\"500\" height=\"282\" frameborder=\"0\" marginwidth=\"0\" marginheight=\"0\" scrolling=\"no\"><\/iframe><\/p>\n","protected":false},"excerpt":{"rendered":"<p>L&#8217;alumnat de 5\u00e8 ha participat en el projecte &#8220;Tomando Conciencia&#8221; al llarg del segon trimestre. A partir dels objectius plantejats al programa, s\u2019han creat uns missatges clau per a cada un dels sis pilars del projecte, que poden servir com a criteris d\u2019aprenentatge i com&hellip;  <a href=\"https:\/\/agora.xtec.cat\/escolapacocandel\/comunitat-de-grans\/tomando-conciencia-5e\/\" title=\"Read Tomando Conciencia 5\u00e8\">Llegeix m\u00e9s\u00bb<\/a><\/p>\n","protected":false},"author":20,"featured_media":6227,"comment_status":"open","ping_status":"closed","sticky":false,"template":"","format":"standard","meta":{"_bbp_topic_count":0,"_bbp_reply_count":0,"_bbp_total_topic_count":0,"_bbp_total_reply_count":0,"_bbp_voice_count":0,"_bbp_anonymous_reply_count":0,"_bbp_topic_count_hidden":0,"_bbp_reply_count_hidden":0,"_bbp_forum_subforum_count":0,"footnotes":""},"categories":[144,129],"tags":[],"class_list":["post-6220","post","type-post","status-publish","format-standard","has-post-thumbnail","hentry","category-5e","category-comunitat-de-grans"],"post_mailing_queue_ids":[],"_links":{"self":[{"href":"https:\/\/agora.xtec.cat\/escolapacocandel\/wp-json\/wp\/v2\/posts\/6220","targetHints":{"allow":["GET"]}}],"collection":[{"href":"https:\/\/agora.xtec.cat\/escolapacocandel\/wp-json\/wp\/v2\/posts"}],"about":[{"href":"https:\/\/agora.xtec.cat\/escolapacocandel\/wp-json\/wp\/v2\/types\/post"}],"author":[{"embeddable":true,"href":"https:\/\/agora.xtec.cat\/escolapacocandel\/wp-json\/wp\/v2\/users\/20"}],"replies":[{"embeddable":true,"href":"https:\/\/agora.xtec.cat\/escolapacocandel\/wp-json\/wp\/v2\/comments?post=6220"}],"version-history":[{"count":2,"href":"https:\/\/agora.xtec.cat\/escolapacocandel\/wp-json\/wp\/v2\/posts\/6220\/revisions"}],"predecessor-version":[{"id":6229,"href":"https:\/\/agora.xtec.cat\/escolapacocandel\/wp-json\/wp\/v2\/posts\/6220\/revisions\/6229"}],"wp:featuredmedia":[{"embeddable":true,"href":"https:\/\/agora.xtec.cat\/escolapacocandel\/wp-json\/wp\/v2\/media\/6227"}],"wp:attachment":[{"href":"https:\/\/agora.xtec.cat\/escolapacocandel\/wp-json\/wp\/v2\/media?parent=6220"}],"wp:term":[{"taxonomy":"category","embeddable":true,"href":"https:\/\/agora.xtec.cat\/escolapacocandel\/wp-json\/wp\/v2\/categories?post=6220"},{"taxonomy":"post_tag","embeddable":true,"href":"https:\/\/agora.xtec.cat\/escolapacocandel\/wp-json\/wp\/v2\/tags?post=6220"}],"curies":[{"name":"wp","href":"https:\/\/api.w.org\/{rel}","templated":true}]}}