{"id":6212,"date":"2022-04-27T13:46:50","date_gmt":"2022-04-27T11:46:50","guid":{"rendered":"https:\/\/agora.xtec.cat\/escolapacocandel\/?p=6212"},"modified":"2024-01-31T18:17:20","modified_gmt":"2024-01-31T17:17:20","slug":"sant-jordi-2022","status":"publish","type":"post","link":"https:\/\/agora.xtec.cat\/escolapacocandel\/portada\/sant-jordi-2022\/","title":{"rendered":"Sant Jordi 2022"},"content":{"rendered":"<p><a href=\"https:\/\/agora.xtec.cat\/escolapacocandel\/wp-content\/uploads\/usu332\/2022\/04\/P1030502-OK-2.jpg\"><img loading=\"lazy\" decoding=\"async\" class=\"wp-image-6217 aligncenter\" src=\"https:\/\/agora.xtec.cat\/escolapacocandel\/wp-content\/uploads\/usu332\/2022\/04\/P1030502-OK-2.jpg\" alt=\"\" width=\"282\" height=\"292\" srcset=\"https:\/\/agora.xtec.cat\/escolapacocandel\/wp-content\/uploads\/usu332\/2022\/04\/P1030502-OK-2.jpg 388w, https:\/\/agora.xtec.cat\/escolapacocandel\/wp-content\/uploads\/usu332\/2022\/04\/P1030502-OK-2-290x300.jpg 290w\" sizes=\"auto, (max-width: 282px) 100vw, 282px\" \/><\/a><\/p>\n<p lang=\"ca-ES\"><span style=\"font-family: Freestyle Script, cursive;\"><span style=\"font-size: x-large;\">Enguany hem tornat a celebrar la diada de Sant Jordi, ho hem fet amb l&#8217;alegria que ens caracteritza.<\/span><\/span><\/p>\n<p lang=\"ca-ES\"><span style=\"font-family: Freestyle Script, cursive;\"><span style=\"font-size: x-large;\">Els passadissos de l&#8217;escola han tornat a omplir-se amb textos de tot tipus i els infants han gaudit confeccionant-los, contemplant-los i llegint-los.<\/span><\/span><\/p>\n<p><span style=\"font-family: Freestyle Script, cursive;\"><span style=\"font-size: x-large;\">Com cada any contes i tallers han ocupat el dia dedicat a la celebraci\u00f3 que va culminar amb l&#8217;entrega d&#8217;un llibre i un diploma a cada grup tot valorant la dedicaci\u00f3 en la producci\u00f3 dels diferents textos, representacions i imatges.<\/span><\/span><\/p>\n<p><span style=\"font-family: Freestyle Script, cursive;\"><span style=\"font-size: x-large;\">Aquest curs hem incorporat dues novetats que han tingut molt bona acollida per part dels infants:<br \/>\nl\u2019alumnat de sis\u00e8 va elaborar uns contes per equips que despr\u00e9s van explicar, representar, visionar&#8230; en els grups d&#8217;infantil i cicle inicial; els infants de quart i cinqu\u00e8 tamb\u00e9 van fer una contribuci\u00f3 molt important a la celebraci\u00f3, aquesta va consistir a mostrar tota l&#8217;exposici\u00f3 de Sant Jordi als infants de la comunitat de petits de l\u2019escola.<br \/>\nEls i les grans de l&#8217;escola van preparar amb inter\u00e8s i dedicaci\u00f3 la tasca i la van desenvolupar de manera curosa, amorosa i did\u00e0ctica, cercant la manera m\u00e9s adient de mostrar als companys i companyes m\u00e9s petits i petites els diferents treballs exposats. Els petits i les petites van participar activament interessats per tot all\u00f2 que an\u00e0ven veient i escoltant.<br \/>\nL&#8217;emoci\u00f3 de l&#8217;activitat compartida va impregnar els diferents moments compartits.<br \/>\nUs convidem a compartir-la amb nosaltres.<\/span><\/span><\/p>\n<blockquote class=\"wp-embedded-content\" data-secret=\"rTRRTmilzd\"><p><a href=\"https:\/\/agora.xtec.cat\/escolapacocandel\/fotos-privat\/sant-jordi-2020\/\">Protegit: Sant Jordi 2022<\/a><\/p><\/blockquote>\n<p><iframe loading=\"lazy\" class=\"wp-embedded-content\" sandbox=\"allow-scripts\" security=\"restricted\" style=\"position: absolute; clip: rect(1px, 1px, 1px, 1px);\" title=\"&#8220;Protegit: Sant Jordi 2022&#8221; &#8212; Escola Paco Candel\" src=\"https:\/\/agora.xtec.cat\/escolapacocandel\/fotos-privat\/sant-jordi-2020\/embed\/#?secret=sSSSS4SA1L#?secret=rTRRTmilzd\" data-secret=\"rTRRTmilzd\" width=\"500\" height=\"282\" frameborder=\"0\" marginwidth=\"0\" marginheight=\"0\" scrolling=\"no\"><\/iframe><\/p>\n","protected":false},"excerpt":{"rendered":"<p><a href=\"https:\/\/agora.xtec.cat\/escolapacocandel\/wp-content\/uploads\/usu332\/2022\/04\/P1030502-OK-2.jpg\"><\/a><br \/>\nEnguany hem tornat a celebrar la diada de Sant Jordi, ho hem fet amb l&#8217;alegria que ens caracteritza.<br \/>\nEls passadissos de l&#8217;escola han tornat a omplir-se amb textos de tot tipus i els infants han gaudit confeccionant-los, contemplant-los i llegint-los.<br \/>\nCom cada any contes i tallers&hellip;  <a href=\"https:\/\/agora.xtec.cat\/escolapacocandel\/portada\/sant-jordi-2022\/\" title=\"Read Sant Jordi 2022\">Llegeix m\u00e9s\u00bb<\/a><\/p>\n","protected":false},"author":1,"featured_media":0,"comment_status":"open","ping_status":"closed","sticky":false,"template":"","format":"standard","meta":{"_bbp_topic_count":0,"_bbp_reply_count":0,"_bbp_total_topic_count":0,"_bbp_total_reply_count":0,"_bbp_voice_count":0,"_bbp_anonymous_reply_count":0,"_bbp_topic_count_hidden":0,"_bbp_reply_count_hidden":0,"_bbp_forum_subforum_count":0,"footnotes":""},"categories":[129,127,128,4],"tags":[],"class_list":["post-6212","post","type-post","status-publish","format-standard","hentry","category-comunitat-de-grans","category-comunitat-de-mitjans","category-comunitat-de-petits","category-portada"],"post_mailing_queue_ids":[],"_links":{"self":[{"href":"https:\/\/agora.xtec.cat\/escolapacocandel\/wp-json\/wp\/v2\/posts\/6212","targetHints":{"allow":["GET"]}}],"collection":[{"href":"https:\/\/agora.xtec.cat\/escolapacocandel\/wp-json\/wp\/v2\/posts"}],"about":[{"href":"https:\/\/agora.xtec.cat\/escolapacocandel\/wp-json\/wp\/v2\/types\/post"}],"author":[{"embeddable":true,"href":"https:\/\/agora.xtec.cat\/escolapacocandel\/wp-json\/wp\/v2\/users\/1"}],"replies":[{"embeddable":true,"href":"https:\/\/agora.xtec.cat\/escolapacocandel\/wp-json\/wp\/v2\/comments?post=6212"}],"version-history":[{"count":3,"href":"https:\/\/agora.xtec.cat\/escolapacocandel\/wp-json\/wp\/v2\/posts\/6212\/revisions"}],"predecessor-version":[{"id":6261,"href":"https:\/\/agora.xtec.cat\/escolapacocandel\/wp-json\/wp\/v2\/posts\/6212\/revisions\/6261"}],"wp:attachment":[{"href":"https:\/\/agora.xtec.cat\/escolapacocandel\/wp-json\/wp\/v2\/media?parent=6212"}],"wp:term":[{"taxonomy":"category","embeddable":true,"href":"https:\/\/agora.xtec.cat\/escolapacocandel\/wp-json\/wp\/v2\/categories?post=6212"},{"taxonomy":"post_tag","embeddable":true,"href":"https:\/\/agora.xtec.cat\/escolapacocandel\/wp-json\/wp\/v2\/tags?post=6212"}],"curies":[{"name":"wp","href":"https:\/\/api.w.org\/{rel}","templated":true}]}}