{"id":6173,"date":"2022-04-19T08:00:12","date_gmt":"2022-04-19T06:00:12","guid":{"rendered":"https:\/\/agora.xtec.cat\/escolapacocandel\/?p=6173"},"modified":"2024-01-31T18:17:26","modified_gmt":"2024-01-31T17:17:26","slug":"sortida-al-parc-de-les-olors","status":"publish","type":"post","link":"https:\/\/agora.xtec.cat\/escolapacocandel\/comunitat-de-mitjans\/sortida-al-parc-de-les-olors\/","title":{"rendered":"Sortida al Parc de les Olors"},"content":{"rendered":"<p>L&#8217;\u00faltim divendres de trimestre les classes de 2n vam fer l&#8217;excursi\u00f3 del projecte al Parc de les Olors. Vam gaudir d&#8217;un dia i un entorn magn\u00edfic i vam fer 5 activitats diferents!!<a href=\"https:\/\/agora.xtec.cat\/escolapacocandel\/wp-content\/uploads\/usu332\/2022\/04\/parc-olors.jpg\"><img loading=\"lazy\" decoding=\"async\" class=\"alignright size-medium wp-image-6176\" src=\"https:\/\/agora.xtec.cat\/escolapacocandel\/wp-content\/uploads\/usu332\/2022\/04\/parc-olors-300x225.jpg\" alt=\"\" width=\"300\" height=\"225\" srcset=\"https:\/\/agora.xtec.cat\/escolapacocandel\/wp-content\/uploads\/usu332\/2022\/04\/parc-olors-300x225.jpg 300w, https:\/\/agora.xtec.cat\/escolapacocandel\/wp-content\/uploads\/usu332\/2022\/04\/parc-olors-768x576.jpg 768w, https:\/\/agora.xtec.cat\/escolapacocandel\/wp-content\/uploads\/usu332\/2022\/04\/parc-olors-200x150.jpg 200w, https:\/\/agora.xtec.cat\/escolapacocandel\/wp-content\/uploads\/usu332\/2022\/04\/parc-olors.jpg 833w\" sizes=\"auto, (max-width: 300px) 100vw, 300px\" \/><\/a><\/p>\n<ul>\n<li>Fer una bosseta amb lavanda per ambientar l&#8217;armari o algun espai.<\/li>\n<li>Con\u00e8ixer i alimentar als animals que viuen al parc de les Olors.<\/li>\n<li>Plantar un esqueix.<\/li>\n<li>Con\u00e8ixer plantes arom\u00e0tiques i fins i tot tastar-ne alguna!<\/li>\n<li>Escoltar una llegenda i fer &#8220;d&#8217;escarabats piloters&#8221; tot fent una bola de fang amb llavors a dins i llen\u00e7ar-la en un prat.<\/li>\n<\/ul>\n<p>Ens ho vam passar d&#8217;all\u00f2 m\u00e9s b\u00e9! No hi havia millor manera d&#8217;acabar el trimestre!! \ud83d\ude42<\/p>\n<p>Aqu\u00ed us deixem el recull de fotos de la jornada!<\/p>\n<blockquote class=\"wp-embedded-content\" data-secret=\"XXgixWuONR\"><p><a href=\"https:\/\/agora.xtec.cat\/escolapacocandel\/general\/fotos-parc-de-les-olors\/\">Protegit: Fotos Parc de les Olors<\/a><\/p><\/blockquote>\n<p><iframe loading=\"lazy\" class=\"wp-embedded-content\" sandbox=\"allow-scripts\" security=\"restricted\" style=\"position: absolute; clip: rect(1px, 1px, 1px, 1px);\" title=\"&#8220;Protegit: Fotos Parc de les Olors&#8221; &#8212; Escola Paco Candel\" src=\"https:\/\/agora.xtec.cat\/escolapacocandel\/general\/fotos-parc-de-les-olors\/embed\/#?secret=LjQPLHrFB5#?secret=XXgixWuONR\" data-secret=\"XXgixWuONR\" width=\"500\" height=\"282\" frameborder=\"0\" marginwidth=\"0\" marginheight=\"0\" scrolling=\"no\"><\/iframe><\/p>\n","protected":false},"excerpt":{"rendered":"<p>L&#8217;\u00faltim divendres de trimestre les classes de 2n vam fer l&#8217;excursi\u00f3 del projecte al Parc de les Olors. Vam gaudir d&#8217;un dia i un entorn magn\u00edfic i vam fer 5 activitats diferents!!<a href=\"https:\/\/agora.xtec.cat\/escolapacocandel\/wp-content\/uploads\/usu332\/2022\/04\/parc-olors.jpg\"><\/a><\/p>\n<ul>\n<li>Fer una bosseta amb lavanda per ambientar l&#8217;armari o algun espai.<\/li>\n<li>Con\u00e8ixer i alimentar&hellip;  <a href=\"https:\/\/agora.xtec.cat\/escolapacocandel\/comunitat-de-mitjans\/sortida-al-parc-de-les-olors\/\" title=\"Read Sortida al Parc de les Olors\">Llegeix m\u00e9s\u00bb<\/a><br \/>\n","protected":false},"author":14,"featured_media":0,"comment_status":"open","ping_status":"closed","sticky":false,"template":"","format":"standard","meta":{"_bbp_topic_count":0,"_bbp_reply_count":0,"_bbp_total_topic_count":0,"_bbp_total_reply_count":0,"_bbp_voice_count":0,"_bbp_anonymous_reply_count":0,"_bbp_topic_count_hidden":0,"_bbp_reply_count_hidden":0,"_bbp_forum_subforum_count":0,"footnotes":""},"categories":[127,137],"tags":[],"class_list":["post-6173","post","type-post","status-publish","format-standard","hentry","category-comunitat-de-mitjans","category-2n"],"post_mailing_queue_ids":[],"_links":{"self":[{"href":"https:\/\/agora.xtec.cat\/escolapacocandel\/wp-json\/wp\/v2\/posts\/6173","targetHints":{"allow":["GET"]}}],"collection":[{"href":"https:\/\/agora.xtec.cat\/escolapacocandel\/wp-json\/wp\/v2\/posts"}],"about":[{"href":"https:\/\/agora.xtec.cat\/escolapacocandel\/wp-json\/wp\/v2\/types\/post"}],"author":[{"embeddable":true,"href":"https:\/\/agora.xtec.cat\/escolapacocandel\/wp-json\/wp\/v2\/users\/14"}],"replies":[{"embeddable":true,"href":"https:\/\/agora.xtec.cat\/escolapacocandel\/wp-json\/wp\/v2\/comments?post=6173"}],"version-history":[{"count":3,"href":"https:\/\/agora.xtec.cat\/escolapacocandel\/wp-json\/wp\/v2\/posts\/6173\/revisions"}],"predecessor-version":[{"id":6179,"href":"https:\/\/agora.xtec.cat\/escolapacocandel\/wp-json\/wp\/v2\/posts\/6173\/revisions\/6179"}],"wp:attachment":[{"href":"https:\/\/agora.xtec.cat\/escolapacocandel\/wp-json\/wp\/v2\/media?parent=6173"}],"wp:term":[{"taxonomy":"category","embeddable":true,"href":"https:\/\/agora.xtec.cat\/escolapacocandel\/wp-json\/wp\/v2\/categories?post=6173"},{"taxonomy":"post_tag","embeddable":true,"href":"https:\/\/agora.xtec.cat\/escolapacocandel\/wp-json\/wp\/v2\/tags?post=6173"}],"curies":[{"name":"wp","href":"https:\/\/api.w.org\/{rel}","templated":true}]}}