{"id":6161,"date":"2022-04-13T12:41:35","date_gmt":"2022-04-13T10:41:35","guid":{"rendered":"https:\/\/agora.xtec.cat\/escolapacocandel\/?p=6161"},"modified":"2024-01-31T18:17:34","modified_gmt":"2024-01-31T17:17:34","slug":"projecte-plantes-a-2n","status":"publish","type":"post","link":"https:\/\/agora.xtec.cat\/escolapacocandel\/comunitat-de-mitjans\/projecte-plantes-a-2n\/","title":{"rendered":"Projecte Plantes a 2n"},"content":{"rendered":"<p>Aquest trimestre a les classes de 2n ens ha passat una cosa d&#8217;all\u00f2 m\u00e9s curiosa! Hem rebut la carta d&#8217;un extraterrestre, en T\u00e8nix que ens demanava ajuda perqu\u00e8 al seu planeta s&#8217;est\u00e0 acabant l&#8217;oxigen i no tenen plantes.<\/p>\n<p><a href=\"https:\/\/agora.xtec.cat\/escolapacocandel\/wp-content\/uploads\/usu332\/2022\/04\/Foto-bloc.jpg\"><img loading=\"lazy\" decoding=\"async\" class=\"alignleft wp-image-6162 \" src=\"https:\/\/agora.xtec.cat\/escolapacocandel\/wp-content\/uploads\/usu332\/2022\/04\/Foto-bloc-300x225.jpg\" alt=\"\" width=\"280\" height=\"210\" srcset=\"https:\/\/agora.xtec.cat\/escolapacocandel\/wp-content\/uploads\/usu332\/2022\/04\/Foto-bloc-300x225.jpg 300w, https:\/\/agora.xtec.cat\/escolapacocandel\/wp-content\/uploads\/usu332\/2022\/04\/Foto-bloc-768x576.jpg 768w, https:\/\/agora.xtec.cat\/escolapacocandel\/wp-content\/uploads\/usu332\/2022\/04\/Foto-bloc-200x150.jpg 200w, https:\/\/agora.xtec.cat\/escolapacocandel\/wp-content\/uploads\/usu332\/2022\/04\/Foto-bloc.jpg 876w\" sizes=\"auto, (max-width: 280px) 100vw, 280px\" \/><\/a>Sense temps per perdre ens hem posat a investigar tot el que hem pogut sobre les plantes. Aix\u00f2 ens ha portat a observar molt el nostre entorn i hem descobert que hi ha arbres de fulla caduca i de fulla perenne al nostre pati, hem conegut el cicle de vida de les plantes i que\u00a0perqu\u00e8 una flor es converteixi en fruit abans ha de ser pol\u00b7linitzada. Tamb\u00e9 hem apr\u00e8s que hi ha molt\u00edssimes llavors i fulles diferents, d&#8217;on surten i qu\u00e8 sense llum no poden fabricar clorofil\u00b7la i s\u00f3n m\u00e9s p\u00e0l\u00b7lides. A m\u00e9s, tamb\u00e9 sabem que es fan el seu propi menjar: el proc\u00e9s s&#8217;anomena fotos\u00edntesi i en aquest deixen anar oxigen, aix\u00f2 que tant necessita el T\u00e8nix!<\/p>\n<p>&nbsp;<\/p>\n<p><a style=\"color: #2795b6;\" href=\"https:\/\/agora.xtec.cat\/escolapacocandel\/wp-content\/uploads\/usu332\/2022\/04\/foto-bloc3.jpg\"><img loading=\"lazy\" decoding=\"async\" class=\"wp-image-6165 size-medium alignright\" src=\"https:\/\/agora.xtec.cat\/escolapacocandel\/wp-content\/uploads\/usu332\/2022\/04\/foto-bloc3-300x225.jpg\" alt=\"\" width=\"300\" height=\"225\" srcset=\"https:\/\/agora.xtec.cat\/escolapacocandel\/wp-content\/uploads\/usu332\/2022\/04\/foto-bloc3-300x225.jpg 300w, https:\/\/agora.xtec.cat\/escolapacocandel\/wp-content\/uploads\/usu332\/2022\/04\/foto-bloc3-768x576.jpg 768w, https:\/\/agora.xtec.cat\/escolapacocandel\/wp-content\/uploads\/usu332\/2022\/04\/foto-bloc3-200x150.jpg 200w, https:\/\/agora.xtec.cat\/escolapacocandel\/wp-content\/uploads\/usu332\/2022\/04\/foto-bloc3.jpg 800w\" sizes=\"auto, (max-width: 300px) 100vw, 300px\" \/><\/a><\/p>\n<p>A m\u00e9s, durant el cam\u00ed hem decidit que vol\u00edem plantar a l&#8217;hort de l&#8217;escola i hem hagut de treballar de valent per veure que hi pod\u00edem plantar per l&#8217;\u00e8poca de l&#8217;any que \u00e9s, quant ens costaria i quin espai necessita cada planta. Ara tenim un hort preci\u00f3s i esperem poder-ne collir els fruits durant el 3r trimestre.<\/p>\n<blockquote class=\"wp-embedded-content\" data-secret=\"poERlciQev\"><p><a href=\"https:\/\/agora.xtec.cat\/escolapacocandel\/general\/fotos-projecte-plantes-2n\/\">Protegit: Fotos projecte plantes 2n<\/a><\/p><\/blockquote>\n<p><iframe loading=\"lazy\" class=\"wp-embedded-content\" sandbox=\"allow-scripts\" security=\"restricted\" style=\"position: absolute; clip: rect(1px, 1px, 1px, 1px);\" title=\"&#8220;Protegit: Fotos projecte plantes 2n&#8221; &#8212; Escola Paco Candel\" src=\"https:\/\/agora.xtec.cat\/escolapacocandel\/general\/fotos-projecte-plantes-2n\/embed\/#?secret=8THVcLtAAK#?secret=poERlciQev\" data-secret=\"poERlciQev\" width=\"500\" height=\"282\" frameborder=\"0\" marginwidth=\"0\" marginheight=\"0\" scrolling=\"no\"><\/iframe><\/p>\n","protected":false},"excerpt":{"rendered":"<p>Aquest trimestre a les classes de 2n ens ha passat una cosa d&#8217;all\u00f2 m\u00e9s curiosa! Hem rebut la carta d&#8217;un extraterrestre, en T\u00e8nix que ens demanava ajuda perqu\u00e8 al seu planeta s&#8217;est\u00e0 acabant l&#8217;oxigen i no tenen plantes.<br \/>\n<a href=\"https:\/\/agora.xtec.cat\/escolapacocandel\/wp-content\/uploads\/usu332\/2022\/04\/Foto-bloc.jpg\"><\/a>Sense temps per perdre ens hem posat&hellip;  <a href=\"https:\/\/agora.xtec.cat\/escolapacocandel\/comunitat-de-mitjans\/projecte-plantes-a-2n\/\" title=\"Read Projecte Plantes a 2n\">Llegeix m\u00e9s\u00bb<\/a><\/p>\n","protected":false},"author":14,"featured_media":6165,"comment_status":"open","ping_status":"closed","sticky":false,"template":"","format":"standard","meta":{"_bbp_topic_count":0,"_bbp_reply_count":0,"_bbp_total_topic_count":0,"_bbp_total_reply_count":0,"_bbp_voice_count":0,"_bbp_anonymous_reply_count":0,"_bbp_topic_count_hidden":0,"_bbp_reply_count_hidden":0,"_bbp_forum_subforum_count":0,"footnotes":""},"categories":[127,137],"tags":[],"class_list":["post-6161","post","type-post","status-publish","format-standard","has-post-thumbnail","hentry","category-comunitat-de-mitjans","category-2n"],"post_mailing_queue_ids":[],"_links":{"self":[{"href":"https:\/\/agora.xtec.cat\/escolapacocandel\/wp-json\/wp\/v2\/posts\/6161","targetHints":{"allow":["GET"]}}],"collection":[{"href":"https:\/\/agora.xtec.cat\/escolapacocandel\/wp-json\/wp\/v2\/posts"}],"about":[{"href":"https:\/\/agora.xtec.cat\/escolapacocandel\/wp-json\/wp\/v2\/types\/post"}],"author":[{"embeddable":true,"href":"https:\/\/agora.xtec.cat\/escolapacocandel\/wp-json\/wp\/v2\/users\/14"}],"replies":[{"embeddable":true,"href":"https:\/\/agora.xtec.cat\/escolapacocandel\/wp-json\/wp\/v2\/comments?post=6161"}],"version-history":[{"count":3,"href":"https:\/\/agora.xtec.cat\/escolapacocandel\/wp-json\/wp\/v2\/posts\/6161\/revisions"}],"predecessor-version":[{"id":6172,"href":"https:\/\/agora.xtec.cat\/escolapacocandel\/wp-json\/wp\/v2\/posts\/6161\/revisions\/6172"}],"wp:featuredmedia":[{"embeddable":true,"href":"https:\/\/agora.xtec.cat\/escolapacocandel\/wp-json\/wp\/v2\/media\/6165"}],"wp:attachment":[{"href":"https:\/\/agora.xtec.cat\/escolapacocandel\/wp-json\/wp\/v2\/media?parent=6161"}],"wp:term":[{"taxonomy":"category","embeddable":true,"href":"https:\/\/agora.xtec.cat\/escolapacocandel\/wp-json\/wp\/v2\/categories?post=6161"},{"taxonomy":"post_tag","embeddable":true,"href":"https:\/\/agora.xtec.cat\/escolapacocandel\/wp-json\/wp\/v2\/tags?post=6161"}],"curies":[{"name":"wp","href":"https:\/\/api.w.org\/{rel}","templated":true}]}}