{"id":6144,"date":"2022-04-07T16:11:35","date_gmt":"2022-04-07T14:11:35","guid":{"rendered":"https:\/\/agora.xtec.cat\/escolapacocandel\/?p=6144"},"modified":"2024-01-31T18:42:10","modified_gmt":"2024-01-31T17:42:10","slug":"educacio-fisica-2n-trim-quart","status":"publish","type":"post","link":"https:\/\/agora.xtec.cat\/escolapacocandel\/comunitat-de-grans\/4t\/educacio-fisica-2n-trim-quart\/","title":{"rendered":"Educaci\u00f3 F\u00edsica 2n Trim QUART"},"content":{"rendered":"<p>Aquest trimestre hem treballat l\u2019Expressi\u00f3 Corporal amb diferents activitats, escenificacions i jocs, on hem incl\u00f2s el ball de Carnestoltes, oi que ho van fer genial?!<\/p>\n<p>Al llarg d\u2019aquest bloc hem anat treballant aquesta Comunicaci\u00f3 Corporal amb diferents materials, un d\u2019ells el paracaigudes que els\/les hi encanta.<\/p>\n<p>Tamb\u00e9 ens hem iniciat en alguns esports per despr\u00e9s fer durant alguna estona del pati com \u00e9s el cas de l\u2019Hoquei, B\u00e0dminton, Handbol i Futbol.<\/p>\n<p>I durant la Setmana d\u2019Art vam fer jocs i activitats amb fils i cordes a la sessi\u00f3 d\u2019Educaci\u00f3 F\u00edsica.<\/p>\n<p>Un cop acabat aquest bloc hem pogut fer algunes sessions per treballar la coordinaci\u00f3 oculo-manual i l\u2019\u00faltima sessi\u00f3 d\u2019aquest trimestre han fet joc lliure, que els hi agrada molt.<\/p>\n<blockquote class=\"wp-embedded-content\" data-secret=\"e5bTUGAmgF\"><p><a href=\"https:\/\/agora.xtec.cat\/escolapacocandel\/general\/fotos-ef-2nt-quart\/\">Protegit: Fotos EF 2nT Quart<\/a><\/p><\/blockquote>\n<p><iframe loading=\"lazy\" class=\"wp-embedded-content\" sandbox=\"allow-scripts\" security=\"restricted\" style=\"position: absolute; clip: rect(1px, 1px, 1px, 1px);\" title=\"&#8220;Protegit: Fotos EF 2nT Quart&#8221; &#8212; Escola Paco Candel\" src=\"https:\/\/agora.xtec.cat\/escolapacocandel\/general\/fotos-ef-2nt-quart\/embed\/#?secret=rfbb1wSl9U#?secret=e5bTUGAmgF\" data-secret=\"e5bTUGAmgF\" width=\"500\" height=\"282\" frameborder=\"0\" marginwidth=\"0\" marginheight=\"0\" scrolling=\"no\"><\/iframe><\/p>\n","protected":false},"excerpt":{"rendered":"<p>Aquest trimestre hem treballat l\u2019Expressi\u00f3 Corporal amb diferents activitats, escenificacions i jocs, on hem incl\u00f2s el ball de Carnestoltes, oi que ho van fer genial?!<br \/>\nAl llarg d\u2019aquest bloc hem anat treballant aquesta Comunicaci\u00f3 Corporal amb diferents materials, un d\u2019ells el paracaigudes que els\/les hi encanta.<br \/>\nTamb\u00e9&hellip;  <a href=\"https:\/\/agora.xtec.cat\/escolapacocandel\/comunitat-de-grans\/4t\/educacio-fisica-2n-trim-quart\/\" title=\"Read Educaci\u00f3 F\u00edsica 2n Trim QUART\">Llegeix m\u00e9s\u00bb<\/a><\/p>\n","protected":false},"author":25,"featured_media":6145,"comment_status":"open","ping_status":"closed","sticky":false,"template":"","format":"standard","meta":{"_bbp_topic_count":0,"_bbp_reply_count":0,"_bbp_total_topic_count":0,"_bbp_total_reply_count":0,"_bbp_voice_count":0,"_bbp_anonymous_reply_count":0,"_bbp_topic_count_hidden":0,"_bbp_reply_count_hidden":0,"_bbp_forum_subforum_count":0,"footnotes":""},"categories":[143],"tags":[],"class_list":["post-6144","post","type-post","status-publish","format-standard","has-post-thumbnail","hentry","category-4t"],"post_mailing_queue_ids":[],"_links":{"self":[{"href":"https:\/\/agora.xtec.cat\/escolapacocandel\/wp-json\/wp\/v2\/posts\/6144","targetHints":{"allow":["GET"]}}],"collection":[{"href":"https:\/\/agora.xtec.cat\/escolapacocandel\/wp-json\/wp\/v2\/posts"}],"about":[{"href":"https:\/\/agora.xtec.cat\/escolapacocandel\/wp-json\/wp\/v2\/types\/post"}],"author":[{"embeddable":true,"href":"https:\/\/agora.xtec.cat\/escolapacocandel\/wp-json\/wp\/v2\/users\/25"}],"replies":[{"embeddable":true,"href":"https:\/\/agora.xtec.cat\/escolapacocandel\/wp-json\/wp\/v2\/comments?post=6144"}],"version-history":[{"count":2,"href":"https:\/\/agora.xtec.cat\/escolapacocandel\/wp-json\/wp\/v2\/posts\/6144\/revisions"}],"predecessor-version":[{"id":6149,"href":"https:\/\/agora.xtec.cat\/escolapacocandel\/wp-json\/wp\/v2\/posts\/6144\/revisions\/6149"}],"wp:featuredmedia":[{"embeddable":true,"href":"https:\/\/agora.xtec.cat\/escolapacocandel\/wp-json\/wp\/v2\/media\/6145"}],"wp:attachment":[{"href":"https:\/\/agora.xtec.cat\/escolapacocandel\/wp-json\/wp\/v2\/media?parent=6144"}],"wp:term":[{"taxonomy":"category","embeddable":true,"href":"https:\/\/agora.xtec.cat\/escolapacocandel\/wp-json\/wp\/v2\/categories?post=6144"},{"taxonomy":"post_tag","embeddable":true,"href":"https:\/\/agora.xtec.cat\/escolapacocandel\/wp-json\/wp\/v2\/tags?post=6144"}],"curies":[{"name":"wp","href":"https:\/\/api.w.org\/{rel}","templated":true}]}}