{"id":6082,"date":"2022-03-30T10:24:58","date_gmt":"2022-03-30T08:24:58","guid":{"rendered":"https:\/\/agora.xtec.cat\/escolapacocandel\/?p=6082"},"modified":"2024-01-31T18:05:40","modified_gmt":"2024-01-31T17:05:40","slug":"lligams-fils-i-cordes-2","status":"publish","type":"post","link":"https:\/\/agora.xtec.cat\/escolapacocandel\/comunitat-de-petits\/lligams-fils-i-cordes-2\/","title":{"rendered":"LLIGAMS, FILS I CORDES"},"content":{"rendered":"<p><a href=\"https:\/\/agora.xtec.cat\/escolapacocandel\/wp-content\/uploads\/usu332\/2022\/03\/IMG_2840.jpg\"><img loading=\"lazy\" decoding=\"async\" class=\" wp-image-6092 alignleft\" src=\"https:\/\/agora.xtec.cat\/escolapacocandel\/wp-content\/uploads\/usu332\/2022\/03\/IMG_2840.jpg\" alt=\"\" width=\"292\" height=\"390\" srcset=\"https:\/\/agora.xtec.cat\/escolapacocandel\/wp-content\/uploads\/usu332\/2022\/03\/IMG_2840.jpg 480w, https:\/\/agora.xtec.cat\/escolapacocandel\/wp-content\/uploads\/usu332\/2022\/03\/IMG_2840-225x300.jpg 225w\" sizes=\"auto, (max-width: 292px) 100vw, 292px\" \/><\/a>Enguany la <strong>Setmana\u00a0 d&#8217;art<\/strong> ha estat dedicada als FILS I CORDES, una setmana plena de processos creatius, imaginaci\u00f3, creativitat. Moments que es resumeixen en una exposici\u00f3 final per les pareds de tota l&#8217;escola i la visita de la Palmira Rius, una escultora org\u00e0nica. Un visita molt esperada pels infants on han pogut gaudir del seu treball, veure la seva obra, fer-li preguntes i poder fer una obra col.laborativa tots els infants. Un tapis conjunt que decorar\u00e0 el hall de l&#8217;escola.<\/p>\n<p>A continuaci\u00f3 us deixem una <a href=\"https:\/\/agora.xtec.cat\/escolapacocandel\/fotos-privat\/lligams-fils-i-cordes\/\">documentaci\u00f3<\/a> sobre els processos creatius que els infants m\u00e9s petits de l&#8217;escola han realitzat, reflexions, observacions dels mestres, idees, di\u00e0legs dels infants de 3, 4 i 5 anys.<\/p>\n<p>Tamb\u00e9 <a href=\"https:\/\/agora.xtec.cat\/escolapacocandel\/fotos-privat\/visita-palmira-rius\/\">fotografies<\/a> de la visita de la Palmira i el gran tapis conjunt.<\/p>\n<p>&nbsp;<\/p>\n<p>&nbsp;<\/p>\n<p>&nbsp;<\/p>\n","protected":false},"excerpt":{"rendered":"<p><a href=\"https:\/\/agora.xtec.cat\/escolapacocandel\/wp-content\/uploads\/usu332\/2022\/03\/IMG_2840.jpg\"><\/a>Enguany la Setmana\u00a0 d&#8217;art ha estat dedicada als FILS I CORDES, una setmana plena de processos creatius, imaginaci\u00f3, creativitat. Moments que es resumeixen en una exposici\u00f3 final per les pareds de tota l&#8217;escola i la visita de la Palmira Rius, una escultora org\u00e0nica. Un&hellip;  <a href=\"https:\/\/agora.xtec.cat\/escolapacocandel\/comunitat-de-petits\/lligams-fils-i-cordes-2\/\" title=\"Read LLIGAMS, FILS I CORDES\">Llegeix m\u00e9s\u00bb<\/a><\/p>\n","protected":false},"author":5,"featured_media":6092,"comment_status":"open","ping_status":"closed","sticky":false,"template":"","format":"standard","meta":{"_bbp_topic_count":0,"_bbp_reply_count":0,"_bbp_total_topic_count":0,"_bbp_total_reply_count":0,"_bbp_voice_count":0,"_bbp_anonymous_reply_count":0,"_bbp_topic_count_hidden":0,"_bbp_reply_count_hidden":0,"_bbp_forum_subforum_count":0,"footnotes":""},"categories":[128],"tags":[],"class_list":["post-6082","post","type-post","status-publish","format-standard","has-post-thumbnail","hentry","category-comunitat-de-petits"],"post_mailing_queue_ids":[],"_links":{"self":[{"href":"https:\/\/agora.xtec.cat\/escolapacocandel\/wp-json\/wp\/v2\/posts\/6082","targetHints":{"allow":["GET"]}}],"collection":[{"href":"https:\/\/agora.xtec.cat\/escolapacocandel\/wp-json\/wp\/v2\/posts"}],"about":[{"href":"https:\/\/agora.xtec.cat\/escolapacocandel\/wp-json\/wp\/v2\/types\/post"}],"author":[{"embeddable":true,"href":"https:\/\/agora.xtec.cat\/escolapacocandel\/wp-json\/wp\/v2\/users\/5"}],"replies":[{"embeddable":true,"href":"https:\/\/agora.xtec.cat\/escolapacocandel\/wp-json\/wp\/v2\/comments?post=6082"}],"version-history":[{"count":3,"href":"https:\/\/agora.xtec.cat\/escolapacocandel\/wp-json\/wp\/v2\/posts\/6082\/revisions"}],"predecessor-version":[{"id":6111,"href":"https:\/\/agora.xtec.cat\/escolapacocandel\/wp-json\/wp\/v2\/posts\/6082\/revisions\/6111"}],"wp:featuredmedia":[{"embeddable":true,"href":"https:\/\/agora.xtec.cat\/escolapacocandel\/wp-json\/wp\/v2\/media\/6092"}],"wp:attachment":[{"href":"https:\/\/agora.xtec.cat\/escolapacocandel\/wp-json\/wp\/v2\/media?parent=6082"}],"wp:term":[{"taxonomy":"category","embeddable":true,"href":"https:\/\/agora.xtec.cat\/escolapacocandel\/wp-json\/wp\/v2\/categories?post=6082"},{"taxonomy":"post_tag","embeddable":true,"href":"https:\/\/agora.xtec.cat\/escolapacocandel\/wp-json\/wp\/v2\/tags?post=6082"}],"curies":[{"name":"wp","href":"https:\/\/api.w.org\/{rel}","templated":true}]}}