{"id":6038,"date":"2022-03-14T22:13:53","date_gmt":"2022-03-14T21:13:53","guid":{"rendered":"https:\/\/agora.xtec.cat\/escolapacocandel\/?p=6038"},"modified":"2024-01-31T18:06:12","modified_gmt":"2024-01-31T17:06:12","slug":"8m","status":"publish","type":"post","link":"https:\/\/agora.xtec.cat\/escolapacocandel\/comunitat-de-petits\/8m\/","title":{"rendered":"8M"},"content":{"rendered":"<p>&nbsp;<\/p>\n<p><a style=\"color: #2795b6;\" href=\"https:\/\/agora.xtec.cat\/escolapacocandel\/wp-content\/uploads\/usu332\/2022\/03\/75af2336-4fbb-48af-bc04-cb4a11247896.jpg\"><img loading=\"lazy\" decoding=\"async\" class=\"wp-image-6041 alignleft\" src=\"https:\/\/agora.xtec.cat\/escolapacocandel\/wp-content\/uploads\/usu332\/2022\/03\/75af2336-4fbb-48af-bc04-cb4a11247896-1024x576.jpg\" alt=\"\" width=\"284\" height=\"160\" srcset=\"https:\/\/agora.xtec.cat\/escolapacocandel\/wp-content\/uploads\/usu332\/2022\/03\/75af2336-4fbb-48af-bc04-cb4a11247896-1024x576.jpg 1024w, https:\/\/agora.xtec.cat\/escolapacocandel\/wp-content\/uploads\/usu332\/2022\/03\/75af2336-4fbb-48af-bc04-cb4a11247896-300x169.jpg 300w, https:\/\/agora.xtec.cat\/escolapacocandel\/wp-content\/uploads\/usu332\/2022\/03\/75af2336-4fbb-48af-bc04-cb4a11247896-768x432.jpg 768w, https:\/\/agora.xtec.cat\/escolapacocandel\/wp-content\/uploads\/usu332\/2022\/03\/75af2336-4fbb-48af-bc04-cb4a11247896-1536x864.jpg 1536w, https:\/\/agora.xtec.cat\/escolapacocandel\/wp-content\/uploads\/usu332\/2022\/03\/75af2336-4fbb-48af-bc04-cb4a11247896.jpg 2016w\" sizes=\"auto, (max-width: 284px) 100vw, 284px\" \/><\/a><\/p>\n<p>&nbsp;<\/p>\n<p>Aquesta setmana passada va ser 8 de mar\u00e7,<\/p>\n<p>el dia internacional de la dona!<\/p>\n<p>&nbsp;<\/p>\n<p>&nbsp;<\/p>\n<p>A l&#8217;escola ho vam viure com un dia molt important on cal seguir recordant tots els drets que hem anat guanyant amb els anys, per\u00f2 sobretot tot el que queda per millorar en molts llocs del nostre planeta per arribar a una vertadera igualtat!<\/p>\n<p><a href=\"https:\/\/agora.xtec.cat\/escolapacocandel\/wp-content\/uploads\/usu332\/2022\/03\/f5ef881f-b310-4db8-aa05-ecd673ab860e.jpg\"><img loading=\"lazy\" decoding=\"async\" class=\"wp-image-6047 alignleft\" src=\"https:\/\/agora.xtec.cat\/escolapacocandel\/wp-content\/uploads\/usu332\/2022\/03\/f5ef881f-b310-4db8-aa05-ecd673ab860e.jpg\" alt=\"\" width=\"159\" height=\"223\" srcset=\"https:\/\/agora.xtec.cat\/escolapacocandel\/wp-content\/uploads\/usu332\/2022\/03\/f5ef881f-b310-4db8-aa05-ecd673ab860e.jpg 690w, https:\/\/agora.xtec.cat\/escolapacocandel\/wp-content\/uploads\/usu332\/2022\/03\/f5ef881f-b310-4db8-aa05-ecd673ab860e-213x300.jpg 213w\" sizes=\"auto, (max-width: 159px) 100vw, 159px\" \/><\/a><\/p>\n<p>&nbsp;<\/p>\n<p>Des dels infants m\u00e9s petits de l&#8217;escola fins als m\u00e9s grans, tot l&#8217;alumnat ha trobat un moment per parlar d&#8217;aquest dia i compartir una activitat o din\u00e0mica amb els seus companys i companyes. A les aules de 3, 4 i 5 anys han pogut gaudir d&#8217;un conte i con\u00e8ixer una gran dona: <span style=\"font-weight: 400;\">Amelia Earthart i Dian Fossey, Mar\u00eda Curie i Jane Austen i Frida Kahlo i Greta Thunberg respectivament.\u00a0<\/span><\/p>\n<p>&nbsp;<\/p>\n<p>&nbsp;<\/p>\n<p>Els infants que conformen el cicle inicial han compartit a l&#8217;aula &#8220;la dona m\u00e9s important per a mi&#8221; fent-ne una breu presentaci\u00f3. D&#8217;aquesta petita tasca que es van endur el cap de setmana n&#8217;hem fet un mural que ha teixit un lligam entre tothom que s&#8217;atura a mirar el passad\u00eds on estan exposades, fent-nos veure que totes les persones tenim dones importants en el nostre dia a dia a les que estimem i admirem!<\/p>\n<p><a href=\"https:\/\/agora.xtec.cat\/escolapacocandel\/wp-content\/uploads\/usu332\/2022\/03\/IMG-3341.jpg\"><img loading=\"lazy\" decoding=\"async\" class=\"alignnone wp-image-6050\" src=\"https:\/\/agora.xtec.cat\/escolapacocandel\/wp-content\/uploads\/usu332\/2022\/03\/IMG-3341.jpg\" alt=\"\" width=\"376\" height=\"282\" srcset=\"https:\/\/agora.xtec.cat\/escolapacocandel\/wp-content\/uploads\/usu332\/2022\/03\/IMG-3341.jpg 1008w, https:\/\/agora.xtec.cat\/escolapacocandel\/wp-content\/uploads\/usu332\/2022\/03\/IMG-3341-300x225.jpg 300w, https:\/\/agora.xtec.cat\/escolapacocandel\/wp-content\/uploads\/usu332\/2022\/03\/IMG-3341-768x576.jpg 768w, https:\/\/agora.xtec.cat\/escolapacocandel\/wp-content\/uploads\/usu332\/2022\/03\/IMG-3341-200x150.jpg 200w\" sizes=\"auto, (max-width: 376px) 100vw, 376px\" \/><\/a> <a href=\"https:\/\/agora.xtec.cat\/escolapacocandel\/wp-content\/uploads\/usu332\/2022\/03\/IMG-3342.jpg\">\u00a0 \u00a0 \u00a0 \u00a0 \u00a0 \u00a0 \u00a0 \u00a0 \u00a0 \u00a0 \u00a0 \u00a0 \u00a0 \u00a0 \u00a0 \u00a0 \u00a0 \u00a0 \u00a0 \u00a0 \u00a0 \u00a0 <img loading=\"lazy\" decoding=\"async\" class=\"alignnone wp-image-6051\" src=\"https:\/\/agora.xtec.cat\/escolapacocandel\/wp-content\/uploads\/usu332\/2022\/03\/IMG-3342.jpg\" alt=\"\" width=\"378\" height=\"284\" srcset=\"https:\/\/agora.xtec.cat\/escolapacocandel\/wp-content\/uploads\/usu332\/2022\/03\/IMG-3342.jpg 1008w, https:\/\/agora.xtec.cat\/escolapacocandel\/wp-content\/uploads\/usu332\/2022\/03\/IMG-3342-300x225.jpg 300w, https:\/\/agora.xtec.cat\/escolapacocandel\/wp-content\/uploads\/usu332\/2022\/03\/IMG-3342-768x576.jpg 768w, https:\/\/agora.xtec.cat\/escolapacocandel\/wp-content\/uploads\/usu332\/2022\/03\/IMG-3342-200x150.jpg 200w\" sizes=\"auto, (max-width: 378px) 100vw, 378px\" \/><\/a><\/p>\n<p>L&#8217;alumnat de cicle mig ha fet una conversa en rotllana amb tot el que ens remou aquest dia i, posteriorment, hem fet una din\u00e0mica entorn: &#8220;saltar a corda, un joc de nenes?&#8221; A partir d&#8217;un <a href=\"https:\/\/youtu.be\/PUWg7fXnCf0\" target=\"_blank\" rel=\"noopener\">VIDEO<\/a> d&#8217;artistes hongaresos, hem vist les acrob\u00e0cies que fan dones i homes amb unes cordes de saltar, hem al\u00b7lucinat i acceptat el repte de sortir plegades a l&#8217;exterior per intentar crear la nostra pr\u00f2pia coreografia amb alguna d&#8217;aquestes incre\u00efbles acrob\u00e0cies.<\/p>\n<p><a href=\"https:\/\/agora.xtec.cat\/escolapacocandel\/wp-content\/uploads\/usu332\/2022\/03\/IMG-3115.jpg\"><img loading=\"lazy\" decoding=\"async\" class=\"alignnone wp-image-6049\" src=\"https:\/\/agora.xtec.cat\/escolapacocandel\/wp-content\/uploads\/usu332\/2022\/03\/IMG-3115.jpg\" alt=\"\" width=\"326\" height=\"245\" srcset=\"https:\/\/agora.xtec.cat\/escolapacocandel\/wp-content\/uploads\/usu332\/2022\/03\/IMG-3115.jpg 1008w, https:\/\/agora.xtec.cat\/escolapacocandel\/wp-content\/uploads\/usu332\/2022\/03\/IMG-3115-300x225.jpg 300w, https:\/\/agora.xtec.cat\/escolapacocandel\/wp-content\/uploads\/usu332\/2022\/03\/IMG-3115-768x576.jpg 768w, https:\/\/agora.xtec.cat\/escolapacocandel\/wp-content\/uploads\/usu332\/2022\/03\/IMG-3115-200x150.jpg 200w\" sizes=\"auto, (max-width: 326px) 100vw, 326px\" \/>\u00a0 \u00a0 <\/a><a href=\"https:\/\/agora.xtec.cat\/escolapacocandel\/wp-content\/uploads\/usu332\/2022\/03\/d88f23e6-d3da-4f72-ac41-365b4e6c05fc.jpg\"><img loading=\"lazy\" decoding=\"async\" class=\"alignnone wp-image-6045\" src=\"https:\/\/agora.xtec.cat\/escolapacocandel\/wp-content\/uploads\/usu332\/2022\/03\/d88f23e6-d3da-4f72-ac41-365b4e6c05fc-1024x768.jpg\" alt=\"\" width=\"327\" height=\"245\" srcset=\"https:\/\/agora.xtec.cat\/escolapacocandel\/wp-content\/uploads\/usu332\/2022\/03\/d88f23e6-d3da-4f72-ac41-365b4e6c05fc-1024x768.jpg 1024w, https:\/\/agora.xtec.cat\/escolapacocandel\/wp-content\/uploads\/usu332\/2022\/03\/d88f23e6-d3da-4f72-ac41-365b4e6c05fc-300x225.jpg 300w, https:\/\/agora.xtec.cat\/escolapacocandel\/wp-content\/uploads\/usu332\/2022\/03\/d88f23e6-d3da-4f72-ac41-365b4e6c05fc-768x576.jpg 768w, https:\/\/agora.xtec.cat\/escolapacocandel\/wp-content\/uploads\/usu332\/2022\/03\/d88f23e6-d3da-4f72-ac41-365b4e6c05fc-1536x1152.jpg 1536w, https:\/\/agora.xtec.cat\/escolapacocandel\/wp-content\/uploads\/usu332\/2022\/03\/d88f23e6-d3da-4f72-ac41-365b4e6c05fc-200x150.jpg 200w, https:\/\/agora.xtec.cat\/escolapacocandel\/wp-content\/uploads\/usu332\/2022\/03\/d88f23e6-d3da-4f72-ac41-365b4e6c05fc.jpg 2048w\" sizes=\"auto, (max-width: 327px) 100vw, 327px\" \/>\u00a0\u00a0\u00a0<\/a> <a href=\"https:\/\/agora.xtec.cat\/escolapacocandel\/wp-content\/uploads\/usu332\/2022\/03\/IMG-3114.jpg\"><img loading=\"lazy\" decoding=\"async\" class=\"alignnone wp-image-6048\" src=\"https:\/\/agora.xtec.cat\/escolapacocandel\/wp-content\/uploads\/usu332\/2022\/03\/IMG-3114.jpg\" alt=\"\" width=\"330\" height=\"248\" srcset=\"https:\/\/agora.xtec.cat\/escolapacocandel\/wp-content\/uploads\/usu332\/2022\/03\/IMG-3114.jpg 1008w, https:\/\/agora.xtec.cat\/escolapacocandel\/wp-content\/uploads\/usu332\/2022\/03\/IMG-3114-300x225.jpg 300w, https:\/\/agora.xtec.cat\/escolapacocandel\/wp-content\/uploads\/usu332\/2022\/03\/IMG-3114-768x576.jpg 768w, https:\/\/agora.xtec.cat\/escolapacocandel\/wp-content\/uploads\/usu332\/2022\/03\/IMG-3114-200x150.jpg 200w\" sizes=\"auto, (max-width: 330px) 100vw, 330px\" \/><\/a><\/p>\n<p>I l&#8217;alumnat m\u00e9s gran de l&#8217;escola, cicle superior, ha tingut una tasca d&#8217;investigaci\u00f3 i sobretot divulgaci\u00f3, doncs se&#8217;ls ha encarregat que descobreixin el perqu\u00e8 se celebra el dia de la dona el 8 de mar\u00e7 i ho recullin en el suport que trobin m\u00e9s adient per explicar-ho al grup que els hi toca, i clar!, no \u00e9s el mateix dirigir-nos a infants de 3 anys que de 10 anys, oi?<\/p>\n<p><a href=\"https:\/\/agora.xtec.cat\/escolapacocandel\/wp-content\/uploads\/usu332\/2022\/03\/4795ceaa-2a1e-407b-834d-4061c128ca03.jpg\"><img loading=\"lazy\" decoding=\"async\" class=\"alignnone wp-image-6043\" src=\"https:\/\/agora.xtec.cat\/escolapacocandel\/wp-content\/uploads\/usu332\/2022\/03\/4795ceaa-2a1e-407b-834d-4061c128ca03-768x1024.jpg\" alt=\"\" width=\"219\" height=\"292\" srcset=\"https:\/\/agora.xtec.cat\/escolapacocandel\/wp-content\/uploads\/usu332\/2022\/03\/4795ceaa-2a1e-407b-834d-4061c128ca03-768x1024.jpg 768w, https:\/\/agora.xtec.cat\/escolapacocandel\/wp-content\/uploads\/usu332\/2022\/03\/4795ceaa-2a1e-407b-834d-4061c128ca03-225x300.jpg 225w, https:\/\/agora.xtec.cat\/escolapacocandel\/wp-content\/uploads\/usu332\/2022\/03\/4795ceaa-2a1e-407b-834d-4061c128ca03-1152x1536.jpg 1152w, https:\/\/agora.xtec.cat\/escolapacocandel\/wp-content\/uploads\/usu332\/2022\/03\/4795ceaa-2a1e-407b-834d-4061c128ca03.jpg 1500w\" sizes=\"auto, (max-width: 219px) 100vw, 219px\" \/><\/a>\u00a0 \u00a0 \u00a0 \u00a0 \u00a0 \u00a0 \u00a0 \u00a0 \u00a0 \u00a0 \u00a0 \u00a0 \u00a0 \u00a0 \u00a0 \u00a0 \u00a0 \u00a0 \u00a0 <a href=\"https:\/\/agora.xtec.cat\/escolapacocandel\/wp-content\/uploads\/usu332\/2022\/03\/130d1df9-dd08-4750-b92c-4f1b7464ee8d.jpg\"><img loading=\"lazy\" decoding=\"async\" class=\"alignnone wp-image-6042\" src=\"https:\/\/agora.xtec.cat\/escolapacocandel\/wp-content\/uploads\/usu332\/2022\/03\/130d1df9-dd08-4750-b92c-4f1b7464ee8d-768x1024.jpg\" alt=\"\" width=\"220\" height=\"293\" srcset=\"https:\/\/agora.xtec.cat\/escolapacocandel\/wp-content\/uploads\/usu332\/2022\/03\/130d1df9-dd08-4750-b92c-4f1b7464ee8d-768x1024.jpg 768w, https:\/\/agora.xtec.cat\/escolapacocandel\/wp-content\/uploads\/usu332\/2022\/03\/130d1df9-dd08-4750-b92c-4f1b7464ee8d-225x300.jpg 225w, https:\/\/agora.xtec.cat\/escolapacocandel\/wp-content\/uploads\/usu332\/2022\/03\/130d1df9-dd08-4750-b92c-4f1b7464ee8d-1152x1536.jpg 1152w, https:\/\/agora.xtec.cat\/escolapacocandel\/wp-content\/uploads\/usu332\/2022\/03\/130d1df9-dd08-4750-b92c-4f1b7464ee8d.jpg 1500w\" sizes=\"auto, (max-width: 220px) 100vw, 220px\" \/><\/a><\/p>\n<p>Doncs val a dir que ha estat preci\u00f3s veure l&#8217;esfor\u00e7, ganes i energia que hi han posat, per\u00f2 sobretot els vincles i lligams que s&#8217;han creat entre tot l&#8217;alumnat! Tothom estava molt il\u00b7lusionat esperant rebre la visita dels grans de l&#8217;escola que ens resoldrien molts dubtes i aportarien nova informaci\u00f3!<\/p>\n<p><a href=\"https:\/\/agora.xtec.cat\/escolapacocandel\/wp-content\/uploads\/usu332\/2022\/03\/9bc0e952-fe57-4c4e-a97d-39ac4e13d1ba.jpg\"><img loading=\"lazy\" decoding=\"async\" class=\"alignnone wp-image-6040\" src=\"https:\/\/agora.xtec.cat\/escolapacocandel\/wp-content\/uploads\/usu332\/2022\/03\/9bc0e952-fe57-4c4e-a97d-39ac4e13d1ba-576x1024.jpg\" alt=\"\" width=\"214\" height=\"381\" srcset=\"https:\/\/agora.xtec.cat\/escolapacocandel\/wp-content\/uploads\/usu332\/2022\/03\/9bc0e952-fe57-4c4e-a97d-39ac4e13d1ba-576x1024.jpg 576w, https:\/\/agora.xtec.cat\/escolapacocandel\/wp-content\/uploads\/usu332\/2022\/03\/9bc0e952-fe57-4c4e-a97d-39ac4e13d1ba-169x300.jpg 169w, https:\/\/agora.xtec.cat\/escolapacocandel\/wp-content\/uploads\/usu332\/2022\/03\/9bc0e952-fe57-4c4e-a97d-39ac4e13d1ba-768x1365.jpg 768w, https:\/\/agora.xtec.cat\/escolapacocandel\/wp-content\/uploads\/usu332\/2022\/03\/9bc0e952-fe57-4c4e-a97d-39ac4e13d1ba-864x1536.jpg 864w, https:\/\/agora.xtec.cat\/escolapacocandel\/wp-content\/uploads\/usu332\/2022\/03\/9bc0e952-fe57-4c4e-a97d-39ac4e13d1ba.jpg 1134w\" sizes=\"auto, (max-width: 214px) 100vw, 214px\" \/><\/a> \u00a0 \u00a0 \u00a0 \u00a0 <a href=\"https:\/\/agora.xtec.cat\/escolapacocandel\/wp-content\/uploads\/usu332\/2022\/03\/eacd688f-ff7c-42a0-8388-fb22efeb17d0.jpg\"><img loading=\"lazy\" decoding=\"async\" class=\"alignnone wp-image-6046\" src=\"https:\/\/agora.xtec.cat\/escolapacocandel\/wp-content\/uploads\/usu332\/2022\/03\/eacd688f-ff7c-42a0-8388-fb22efeb17d0-1024x576.jpg\" alt=\"\" width=\"675\" height=\"379\" srcset=\"https:\/\/agora.xtec.cat\/escolapacocandel\/wp-content\/uploads\/usu332\/2022\/03\/eacd688f-ff7c-42a0-8388-fb22efeb17d0-1024x576.jpg 1024w, https:\/\/agora.xtec.cat\/escolapacocandel\/wp-content\/uploads\/usu332\/2022\/03\/eacd688f-ff7c-42a0-8388-fb22efeb17d0-300x169.jpg 300w, https:\/\/agora.xtec.cat\/escolapacocandel\/wp-content\/uploads\/usu332\/2022\/03\/eacd688f-ff7c-42a0-8388-fb22efeb17d0-768x432.jpg 768w, https:\/\/agora.xtec.cat\/escolapacocandel\/wp-content\/uploads\/usu332\/2022\/03\/eacd688f-ff7c-42a0-8388-fb22efeb17d0-1536x864.jpg 1536w, https:\/\/agora.xtec.cat\/escolapacocandel\/wp-content\/uploads\/usu332\/2022\/03\/eacd688f-ff7c-42a0-8388-fb22efeb17d0.jpg 2016w\" sizes=\"auto, (max-width: 675px) 100vw, 675px\" \/><\/a><\/p>\n<p>Finalment agra\u00efr la gesti\u00f3 de l&#8217;AFA per rebre la visita de la Mariona Escoda a trav\u00e9s del projecte &#8220;Camins Infinits&#8221; de la UB, gr\u00e0cies a la que l&#8217;alumnat de 5\u00e8 i 6\u00e8 van poder escoltar en primera persona a una cient\u00edfica especialista en Nanoci\u00e8ncia i Nanotecnologia que remarcava la manca de dones en alts c\u00e0rrecs de recerca i la import\u00e0ncia de promoure que les noies i dones tamb\u00e9 arribem lluny en el m\u00f3n de la ci\u00e8ncia!<a href=\"https:\/\/agora.xtec.cat\/escolapacocandel\/wp-content\/uploads\/usu332\/2022\/03\/8246ebe8-3c04-41bd-9349-a899432bfe72.jpg\"><img loading=\"lazy\" decoding=\"async\" class=\"wp-image-6044 aligncenter\" src=\"https:\/\/agora.xtec.cat\/escolapacocandel\/wp-content\/uploads\/usu332\/2022\/03\/8246ebe8-3c04-41bd-9349-a899432bfe72.jpg\" alt=\"\" width=\"417\" height=\"313\" srcset=\"https:\/\/agora.xtec.cat\/escolapacocandel\/wp-content\/uploads\/usu332\/2022\/03\/8246ebe8-3c04-41bd-9349-a899432bfe72.jpg 1024w, https:\/\/agora.xtec.cat\/escolapacocandel\/wp-content\/uploads\/usu332\/2022\/03\/8246ebe8-3c04-41bd-9349-a899432bfe72-300x225.jpg 300w, https:\/\/agora.xtec.cat\/escolapacocandel\/wp-content\/uploads\/usu332\/2022\/03\/8246ebe8-3c04-41bd-9349-a899432bfe72-768x576.jpg 768w, https:\/\/agora.xtec.cat\/escolapacocandel\/wp-content\/uploads\/usu332\/2022\/03\/8246ebe8-3c04-41bd-9349-a899432bfe72-200x150.jpg 200w\" sizes=\"auto, (max-width: 417px) 100vw, 417px\" \/><\/a><\/p>\n<p>&nbsp;<\/p>\n<p style=\"text-align: right;\">&#8220;No hay barrera, cerradura, ni cerrojo que puedas imponer a la libertad de mi mente&#8221;<\/p>\n<p style=\"text-align: right;\">Virginia Woolf<\/p>\n<p><a href=\"https:\/\/agora.xtec.cat\/escolapacocandel\/wp-content\/uploads\/usu332\/2022\/03\/seo_google_youtube.jpg\"><img loading=\"lazy\" decoding=\"async\" class=\"wp-image-6060 alignleft\" src=\"https:\/\/agora.xtec.cat\/escolapacocandel\/wp-content\/uploads\/usu332\/2022\/03\/seo_google_youtube.jpg\" alt=\"\" width=\"268\" height=\"162\" srcset=\"https:\/\/agora.xtec.cat\/escolapacocandel\/wp-content\/uploads\/usu332\/2022\/03\/seo_google_youtube.jpg 693w, https:\/\/agora.xtec.cat\/escolapacocandel\/wp-content\/uploads\/usu332\/2022\/03\/seo_google_youtube-300x181.jpg 300w\" sizes=\"auto, (max-width: 268px) 100vw, 268px\" \/><\/a><\/p>\n<p>&nbsp;<\/p>\n<p>Per veure el v\u00eddeo de les activitats:<\/p>\n<p><a href=\"https:\/\/youtu.be\/Xb_jvk5gC0U\" target=\"_blank\" rel=\"noopener\">CLICK AQU\u00cd<\/a><\/p>\n","protected":false},"excerpt":{"rendered":"<p>&nbsp;<br \/>\n<a style=\"color: #2795b6;\" href=\"https:\/\/agora.xtec.cat\/escolapacocandel\/wp-content\/uploads\/usu332\/2022\/03\/75af2336-4fbb-48af-bc04-cb4a11247896.jpg\"><\/a><br \/>\n&nbsp;<br \/>\nAquesta setmana passada va ser 8 de mar\u00e7,<br \/>\nel dia internacional de la dona!<br \/>\n&nbsp;<br \/>\n&nbsp;<br \/>\nA l&#8217;escola ho vam viure com un dia molt important on cal seguir recordant tots els drets que hem anat guanyant amb els anys, per\u00f2 sobretot tot el que queda&hellip;  <a href=\"https:\/\/agora.xtec.cat\/escolapacocandel\/comunitat-de-petits\/8m\/\" title=\"Read 8M\">Llegeix m\u00e9s\u00bb<\/a><\/p>\n","protected":false},"author":27,"featured_media":6041,"comment_status":"open","ping_status":"closed","sticky":false,"template":"","format":"standard","meta":{"_bbp_topic_count":0,"_bbp_reply_count":0,"_bbp_total_topic_count":0,"_bbp_total_reply_count":0,"_bbp_voice_count":0,"_bbp_anonymous_reply_count":0,"_bbp_topic_count_hidden":0,"_bbp_reply_count_hidden":0,"_bbp_forum_subforum_count":0,"footnotes":""},"categories":[182,183,196,144,128,140,143,137,146,141],"tags":[120,102,122,121],"class_list":["post-6038","post","type-post","status-publish","format-standard","has-post-thumbnail","hentry","category-3-anys","category-4-anys","category-5-anys","category-5e","category-comunitat-de-petits","category-1r","category-4t","category-2n","category-6e","category-3r","tag-8m","tag-coeducacio","tag-comunitat","tag-lligams"],"post_mailing_queue_ids":[],"_links":{"self":[{"href":"https:\/\/agora.xtec.cat\/escolapacocandel\/wp-json\/wp\/v2\/posts\/6038","targetHints":{"allow":["GET"]}}],"collection":[{"href":"https:\/\/agora.xtec.cat\/escolapacocandel\/wp-json\/wp\/v2\/posts"}],"about":[{"href":"https:\/\/agora.xtec.cat\/escolapacocandel\/wp-json\/wp\/v2\/types\/post"}],"author":[{"embeddable":true,"href":"https:\/\/agora.xtec.cat\/escolapacocandel\/wp-json\/wp\/v2\/users\/27"}],"replies":[{"embeddable":true,"href":"https:\/\/agora.xtec.cat\/escolapacocandel\/wp-json\/wp\/v2\/comments?post=6038"}],"version-history":[{"count":4,"href":"https:\/\/agora.xtec.cat\/escolapacocandel\/wp-json\/wp\/v2\/posts\/6038\/revisions"}],"predecessor-version":[{"id":6061,"href":"https:\/\/agora.xtec.cat\/escolapacocandel\/wp-json\/wp\/v2\/posts\/6038\/revisions\/6061"}],"wp:featuredmedia":[{"embeddable":true,"href":"https:\/\/agora.xtec.cat\/escolapacocandel\/wp-json\/wp\/v2\/media\/6041"}],"wp:attachment":[{"href":"https:\/\/agora.xtec.cat\/escolapacocandel\/wp-json\/wp\/v2\/media?parent=6038"}],"wp:term":[{"taxonomy":"category","embeddable":true,"href":"https:\/\/agora.xtec.cat\/escolapacocandel\/wp-json\/wp\/v2\/categories?post=6038"},{"taxonomy":"post_tag","embeddable":true,"href":"https:\/\/agora.xtec.cat\/escolapacocandel\/wp-json\/wp\/v2\/tags?post=6038"}],"curies":[{"name":"wp","href":"https:\/\/api.w.org\/{rel}","templated":true}]}}