{"id":6028,"date":"2022-03-14T12:00:23","date_gmt":"2022-03-14T11:00:23","guid":{"rendered":"https:\/\/agora.xtec.cat\/escolapacocandel\/?p=6028"},"modified":"2024-01-31T18:42:48","modified_gmt":"2024-01-31T17:42:48","slug":"setmana-dart-a-cicle-mitja","status":"publish","type":"post","link":"https:\/\/agora.xtec.cat\/escolapacocandel\/general\/setmana-dart-a-cicle-mitja\/","title":{"rendered":"Setmana d&#8217;art a Cicle Mitj\u00e0"},"content":{"rendered":"<p>Aquesta setmana, hem celebrat la SETMANA D\u2019ART a l\u2019escola. La setmana dels FILS i CORDES.<\/p>\n<p>Al llarg d\u2019aquesta setmana, els nens i les nenes de Cicle Mitj\u00e0 han pogut con\u00e8ixer altres representacions art\u00edstiques relacionades amb fils i cordes.<\/p>\n<p>Per iniciar aquesta setmana, hem llegit un conte, titulat \u201cFun\u00e0mbulus\u201d. Aquest conte ens permet viatjar a trav\u00e9s d\u2019un fil que representa la nostra vida. Damunt d\u2019aquest fil, igual que feien els funambulistes, necessitem molta concentraci\u00f3, equilibri i const\u00e0ncia. Potser davant d\u2019un nus, pensem que no podem avan\u00e7ar m\u00e9s, per\u00f2 a la vida real, en el nostre dia a dia, intentem afrontar les nostres pors i ens adonem que a vegades les podem superar i aix\u00ed seguir el nostre cam\u00ed sempre mirant cap endavant, cap a l\u2019horitz\u00f3.<\/p>\n<p>Arrel d\u2019aquest conte, hem fet una din\u00e0mica en grup, que ens ha perm\u00e8s entendre que a tots i totes ens uneixen molts fils i cordes invisibles per la vista, per\u00f2 necessaris per conviure a l\u2019escola amb respecte i valors, estimant-nos com s\u00f3n i acceptant la diversitat.<\/p>\n<p>Un taller proposat a Cicle Mitj\u00e0, \u00e9s la recerca d\u2019informaci\u00f3 sobre artistes que fan servir en les seves obres, materials com: t\u00e8xtils, fils i cordes. Mitjan\u00e7ant uns codis QR i la imatge de diferents obres art\u00edstiques, com per exemple: quadres, escultures i arquitectura entre d\u2019altres, l\u2019alumnat ha d\u2019investigar i trobar informaci\u00f3 sobre artistes com: Palmira Rius, Judith Scott, Chiharu Shiota i Tom\u00e0s Saraceno, a m\u00e9s a m\u00e9s, d\u2019arquitectura que trobem arrel del m\u00f3n i en diferents ciutats.<\/p>\n<p>Con\u00e8ixer diferents maneres d\u2019expressar-nos a partir de l\u2019art, permet que l\u2019alumnat s\u2019endinsi en un m\u00f3n fascinant i puguin observar i valorar les diferents maneres d\u2019expressar emocions i sentiments.<\/p>\n<p>Tamb\u00e9, aprofitant aquesta setmana d\u2019art, des de les estones d\u2019arts and craft, s\u2019ha proposat un taller de PATCHWORK. El patchwork es defineix com \u201cuna labor de retalls\u201d, un m\u00e8tode de costura que consisteix en la uni\u00f3 de retalls de teixits per formar una nova tela. Es caracteritza per la creativitat en el seu disseny i la combinaci\u00f3 de colors, formes i textures dels teixits.<\/p>\n<p>Un altre taller proposat ha estat la creaci\u00f3 d\u2019una petita instal\u00b7laci\u00f3 al nostre passad\u00eds, on hem incorporat elements de la natura per poder fer el fil dels nostres desitjos. Cada alumne, ha pogut escriure i plasmar un desig personal.<\/p>\n<p><strong><em><sup>Cada persona necesita sendas por las que transitar\u2026 qu\u00e9 mejor opci\u00f3n que abrir los ojos, las manos y el coraz\u00f3n, dejarse llevar en libertad y \u201cexpresarse\u201d. Palmira Rius.<\/sup><\/em><\/strong><\/p>\n<p>&nbsp;<\/p>\n<blockquote class=\"wp-embedded-content\" data-secret=\"TTnQjnoK3n\"><p><a href=\"https:\/\/agora.xtec.cat\/escolapacocandel\/fotos-privat\/recull-fotografic-setmana-dart-cm\/\">Protegit: Recull fotogr\u00e0fic setmana d&#8217;art CM<\/a><\/p><\/blockquote>\n<p><iframe loading=\"lazy\" class=\"wp-embedded-content\" sandbox=\"allow-scripts\" security=\"restricted\" style=\"position: absolute; clip: rect(1px, 1px, 1px, 1px);\" title=\"&#8220;Protegit: Recull fotogr\u00e0fic setmana d&#8217;art CM&#8221; &#8212; Escola Paco Candel\" src=\"https:\/\/agora.xtec.cat\/escolapacocandel\/fotos-privat\/recull-fotografic-setmana-dart-cm\/embed\/#?secret=m096tdOIih#?secret=TTnQjnoK3n\" data-secret=\"TTnQjnoK3n\" width=\"500\" height=\"282\" frameborder=\"0\" marginwidth=\"0\" marginheight=\"0\" scrolling=\"no\"><\/iframe><\/p>\n","protected":false},"excerpt":{"rendered":"<p>Aquesta setmana, hem celebrat la SETMANA D\u2019ART a l\u2019escola. La setmana dels FILS i CORDES.<br \/>\nAl llarg d\u2019aquesta setmana, els nens i les nenes de Cicle Mitj\u00e0 han pogut con\u00e8ixer altres representacions art\u00edstiques relacionades amb fils i cordes.<br \/>\nPer iniciar aquesta setmana, hem llegit un conte, titulat&hellip;  <a href=\"https:\/\/agora.xtec.cat\/escolapacocandel\/general\/setmana-dart-a-cicle-mitja\/\" title=\"Read Setmana d&#8217;art a Cicle Mitj\u00e0\">Llegeix m\u00e9s\u00bb<\/a><\/p>\n","protected":false},"author":18,"featured_media":6036,"comment_status":"open","ping_status":"closed","sticky":false,"template":"","format":"standard","meta":{"_bbp_topic_count":0,"_bbp_reply_count":0,"_bbp_total_topic_count":0,"_bbp_total_reply_count":0,"_bbp_voice_count":0,"_bbp_anonymous_reply_count":0,"_bbp_topic_count_hidden":0,"_bbp_reply_count_hidden":0,"_bbp_forum_subforum_count":0,"footnotes":""},"categories":[1,143,141],"tags":[],"class_list":["post-6028","post","type-post","status-publish","format-standard","has-post-thumbnail","hentry","category-general","category-4t","category-3r"],"post_mailing_queue_ids":[],"_links":{"self":[{"href":"https:\/\/agora.xtec.cat\/escolapacocandel\/wp-json\/wp\/v2\/posts\/6028","targetHints":{"allow":["GET"]}}],"collection":[{"href":"https:\/\/agora.xtec.cat\/escolapacocandel\/wp-json\/wp\/v2\/posts"}],"about":[{"href":"https:\/\/agora.xtec.cat\/escolapacocandel\/wp-json\/wp\/v2\/types\/post"}],"author":[{"embeddable":true,"href":"https:\/\/agora.xtec.cat\/escolapacocandel\/wp-json\/wp\/v2\/users\/18"}],"replies":[{"embeddable":true,"href":"https:\/\/agora.xtec.cat\/escolapacocandel\/wp-json\/wp\/v2\/comments?post=6028"}],"version-history":[{"count":1,"href":"https:\/\/agora.xtec.cat\/escolapacocandel\/wp-json\/wp\/v2\/posts\/6028\/revisions"}],"predecessor-version":[{"id":6035,"href":"https:\/\/agora.xtec.cat\/escolapacocandel\/wp-json\/wp\/v2\/posts\/6028\/revisions\/6035"}],"wp:featuredmedia":[{"embeddable":true,"href":"https:\/\/agora.xtec.cat\/escolapacocandel\/wp-json\/wp\/v2\/media\/6036"}],"wp:attachment":[{"href":"https:\/\/agora.xtec.cat\/escolapacocandel\/wp-json\/wp\/v2\/media?parent=6028"}],"wp:term":[{"taxonomy":"category","embeddable":true,"href":"https:\/\/agora.xtec.cat\/escolapacocandel\/wp-json\/wp\/v2\/categories?post=6028"},{"taxonomy":"post_tag","embeddable":true,"href":"https:\/\/agora.xtec.cat\/escolapacocandel\/wp-json\/wp\/v2\/tags?post=6028"}],"curies":[{"name":"wp","href":"https:\/\/api.w.org\/{rel}","templated":true}]}}