{"id":6014,"date":"2022-03-09T19:09:19","date_gmt":"2022-03-09T18:09:19","guid":{"rendered":"https:\/\/agora.xtec.cat\/escolapacocandel\/?p=6014"},"modified":"2024-01-31T18:55:22","modified_gmt":"2024-01-31T17:55:22","slug":"a-5e-hem-fet-ballar-els-beebots","status":"publish","type":"post","link":"https:\/\/agora.xtec.cat\/escolapacocandel\/comunitat-de-grans\/a-5e-hem-fet-ballar-els-beebots\/","title":{"rendered":"A 5\u00e8 HEM FET BALLAR ELS BEEBOTS"},"content":{"rendered":"<p>Aquest segon trimestre els nens i nenes de 5\u00e8 hem comen\u00e7at a treballar la Cant\u00e0nia i al mateix temps hem aprofitat per introduir alguna activitat de creaci\u00f3 musical i rob\u00f2tica.<\/p>\n<p>Per grups els nens i nenes han creat les seves composicions musicals i han programat els beebots per fer-los ballar al ritme de la m\u00fasica.<\/p>\n<p>Gaudiu molt!<\/p>\n<p>&nbsp;<\/p>\n<p><a href=\"https:\/\/agora.xtec.cat\/escolapacocandel\/fotos-privat\/videos-beebots-5ea\/\"><img loading=\"lazy\" decoding=\"async\" class=\"alignnone wp-image-6015\" src=\"https:\/\/agora.xtec.cat\/escolapacocandel\/wp-content\/uploads\/usu332\/2022\/03\/5a.png\" alt=\"\" width=\"262\" height=\"136\" srcset=\"https:\/\/agora.xtec.cat\/escolapacocandel\/wp-content\/uploads\/usu332\/2022\/03\/5a.png 483w, https:\/\/agora.xtec.cat\/escolapacocandel\/wp-content\/uploads\/usu332\/2022\/03\/5a-300x156.png 300w\" sizes=\"auto, (max-width: 262px) 100vw, 262px\" \/>\u00a0\u00a0\u00a0\u00a0\u00a0\u00a0\u00a0\u00a0\u00a0\u00a0\u00a0\u00a0\u00a0\u00a0\u00a0\u00a0\u00a0\u00a0\u00a0\u00a0\u00a0\u00a0\u00a0\u00a0\u00a0\u00a0\u00a0\u00a0\u00a0\u00a0\u00a0 <\/a><a href=\"https:\/\/agora.xtec.cat\/escolapacocandel\/fotos-privat\/videos-beebots-5eb\/\"><img loading=\"lazy\" decoding=\"async\" class=\"alignnone wp-image-6016\" src=\"https:\/\/agora.xtec.cat\/escolapacocandel\/wp-content\/uploads\/usu332\/2022\/03\/5b.png\" alt=\"\" width=\"249\" height=\"134\" srcset=\"https:\/\/agora.xtec.cat\/escolapacocandel\/wp-content\/uploads\/usu332\/2022\/03\/5b.png 498w, https:\/\/agora.xtec.cat\/escolapacocandel\/wp-content\/uploads\/usu332\/2022\/03\/5b-300x161.png 300w\" sizes=\"auto, (max-width: 249px) 100vw, 249px\" \/><\/a><\/p>\n<p>&nbsp;<\/p>\n<p class=\"_04xlpA direction-ltr align-center para-style-body\">\n","protected":false},"excerpt":{"rendered":"<p>Aquest segon trimestre els nens i nenes de 5\u00e8 hem comen\u00e7at a treballar la Cant\u00e0nia i al mateix temps hem aprofitat per introduir alguna activitat de creaci\u00f3 musical i rob\u00f2tica.<br \/>\nPer grups els nens i nenes han creat les seves composicions musicals i han programat els&hellip;  <a href=\"https:\/\/agora.xtec.cat\/escolapacocandel\/comunitat-de-grans\/a-5e-hem-fet-ballar-els-beebots\/\" title=\"Read A 5\u00e8 HEM FET BALLAR ELS BEEBOTS\">Llegeix m\u00e9s\u00bb<\/a><\/p>\n","protected":false},"author":22,"featured_media":0,"comment_status":"open","ping_status":"closed","sticky":false,"template":"","format":"standard","meta":{"_bbp_topic_count":0,"_bbp_reply_count":0,"_bbp_total_topic_count":0,"_bbp_total_reply_count":0,"_bbp_voice_count":0,"_bbp_anonymous_reply_count":0,"_bbp_topic_count_hidden":0,"_bbp_reply_count_hidden":0,"_bbp_forum_subforum_count":0,"footnotes":""},"categories":[144,129],"tags":[],"class_list":["post-6014","post","type-post","status-publish","format-standard","hentry","category-5e","category-comunitat-de-grans"],"post_mailing_queue_ids":[],"_links":{"self":[{"href":"https:\/\/agora.xtec.cat\/escolapacocandel\/wp-json\/wp\/v2\/posts\/6014","targetHints":{"allow":["GET"]}}],"collection":[{"href":"https:\/\/agora.xtec.cat\/escolapacocandel\/wp-json\/wp\/v2\/posts"}],"about":[{"href":"https:\/\/agora.xtec.cat\/escolapacocandel\/wp-json\/wp\/v2\/types\/post"}],"author":[{"embeddable":true,"href":"https:\/\/agora.xtec.cat\/escolapacocandel\/wp-json\/wp\/v2\/users\/22"}],"replies":[{"embeddable":true,"href":"https:\/\/agora.xtec.cat\/escolapacocandel\/wp-json\/wp\/v2\/comments?post=6014"}],"version-history":[{"count":3,"href":"https:\/\/agora.xtec.cat\/escolapacocandel\/wp-json\/wp\/v2\/posts\/6014\/revisions"}],"predecessor-version":[{"id":6023,"href":"https:\/\/agora.xtec.cat\/escolapacocandel\/wp-json\/wp\/v2\/posts\/6014\/revisions\/6023"}],"wp:attachment":[{"href":"https:\/\/agora.xtec.cat\/escolapacocandel\/wp-json\/wp\/v2\/media?parent=6014"}],"wp:term":[{"taxonomy":"category","embeddable":true,"href":"https:\/\/agora.xtec.cat\/escolapacocandel\/wp-json\/wp\/v2\/categories?post=6014"},{"taxonomy":"post_tag","embeddable":true,"href":"https:\/\/agora.xtec.cat\/escolapacocandel\/wp-json\/wp\/v2\/tags?post=6014"}],"curies":[{"name":"wp","href":"https:\/\/api.w.org\/{rel}","templated":true}]}}