{"id":6007,"date":"2022-03-09T13:05:09","date_gmt":"2022-03-09T12:05:09","guid":{"rendered":"https:\/\/agora.xtec.cat\/escolapacocandel\/?p=6007"},"modified":"2024-01-31T18:55:31","modified_gmt":"2024-01-31T17:55:31","slug":"el-que-passa-al-mon-ens-interessa-6e","status":"publish","type":"post","link":"https:\/\/agora.xtec.cat\/escolapacocandel\/comunitat-de-grans\/el-que-passa-al-mon-ens-interessa-6e\/","title":{"rendered":"EL QUE PASSA AL M\u00d3N ENS INTERESSA-6\u00e8"},"content":{"rendered":"<p>Els nens i nenes de 6\u00e8 estan molt preocupats per la situaci\u00f3 actual entre Ucra\u00efna i R\u00fassia. Per aquest motiu vam fer una rotllana on deixar-los expressar els seus neguits.<\/p>\n<p>Per ajudar-los a entendre millor tot el que est\u00e0 succeint, els hi vam ensenyar el video del\u00a0 <a href=\"https:\/\/www.ccma.cat\/tv3\/super3\/infok\/infok-03032022\/video\/6147083\/\">InfoK<\/a> . I despr\u00e9s de visualitzar aquest v\u00eddeo vam fer una s\u00e8rie de reflexions.<\/p>\n<p>Va sorgir el dubte de com els nens i nenes del Paco Candel pod\u00edem ajudar estant tant lluny d&#8217;Ucra\u00efna.<\/p>\n<p>A arrel d&#8217;aquesta pregunta, van decidir tres accions.<\/p>\n<ul>\n<li>Manifestar-se en contra de la guerra<\/li>\n<li>Cartells informatius per penjar al voltant de l&#8217;escola.<\/li>\n<li>Informar a les fam\u00edlies d&#8217;on es feia recollida d&#8217;aliments i roba d&#8217;hivern per Ucra\u00efna.<\/li>\n<\/ul>\n<blockquote class=\"wp-embedded-content\" data-secret=\"p55U7XK49B\"><p><a href=\"https:\/\/agora.xtec.cat\/escolapacocandel\/fotos-privat\/fotos-manifestacio6e\/\">Protegit: FOTOS MANIFESTACI\u00d36\u00e8<\/a><\/p><\/blockquote>\n<p><iframe loading=\"lazy\" class=\"wp-embedded-content\" sandbox=\"allow-scripts\" security=\"restricted\" style=\"position: absolute; clip: rect(1px, 1px, 1px, 1px);\" title=\"&#8220;Protegit: FOTOS MANIFESTACI\u00d36\u00e8&#8221; &#8212; Escola Paco Candel\" src=\"https:\/\/agora.xtec.cat\/escolapacocandel\/fotos-privat\/fotos-manifestacio6e\/embed\/#?secret=43xCPky8jf#?secret=p55U7XK49B\" data-secret=\"p55U7XK49B\" width=\"500\" height=\"282\" frameborder=\"0\" marginwidth=\"0\" marginheight=\"0\" scrolling=\"no\"><\/iframe><\/p>\n","protected":false},"excerpt":{"rendered":"<p>Els nens i nenes de 6\u00e8 estan molt preocupats per la situaci\u00f3 actual entre Ucra\u00efna i R\u00fassia. Per aquest motiu vam fer una rotllana on deixar-los expressar els seus neguits.<br \/>\nPer ajudar-los a entendre millor tot el que est\u00e0 succeint, els hi vam ensenyar el video&hellip;  <a href=\"https:\/\/agora.xtec.cat\/escolapacocandel\/comunitat-de-grans\/el-que-passa-al-mon-ens-interessa-6e\/\" title=\"Read EL QUE PASSA AL M\u00d3N ENS INTERESSA-6\u00e8\">Llegeix m\u00e9s\u00bb<\/a><\/p>\n","protected":false},"author":26,"featured_media":6010,"comment_status":"open","ping_status":"closed","sticky":false,"template":"","format":"standard","meta":{"_bbp_topic_count":0,"_bbp_reply_count":0,"_bbp_total_topic_count":0,"_bbp_total_reply_count":0,"_bbp_voice_count":0,"_bbp_anonymous_reply_count":0,"_bbp_topic_count_hidden":0,"_bbp_reply_count_hidden":0,"_bbp_forum_subforum_count":0,"footnotes":""},"categories":[129,146],"tags":[],"class_list":["post-6007","post","type-post","status-publish","format-standard","has-post-thumbnail","hentry","category-comunitat-de-grans","category-6e"],"post_mailing_queue_ids":[],"_links":{"self":[{"href":"https:\/\/agora.xtec.cat\/escolapacocandel\/wp-json\/wp\/v2\/posts\/6007","targetHints":{"allow":["GET"]}}],"collection":[{"href":"https:\/\/agora.xtec.cat\/escolapacocandel\/wp-json\/wp\/v2\/posts"}],"about":[{"href":"https:\/\/agora.xtec.cat\/escolapacocandel\/wp-json\/wp\/v2\/types\/post"}],"author":[{"embeddable":true,"href":"https:\/\/agora.xtec.cat\/escolapacocandel\/wp-json\/wp\/v2\/users\/26"}],"replies":[{"embeddable":true,"href":"https:\/\/agora.xtec.cat\/escolapacocandel\/wp-json\/wp\/v2\/comments?post=6007"}],"version-history":[{"count":1,"href":"https:\/\/agora.xtec.cat\/escolapacocandel\/wp-json\/wp\/v2\/posts\/6007\/revisions"}],"predecessor-version":[{"id":6011,"href":"https:\/\/agora.xtec.cat\/escolapacocandel\/wp-json\/wp\/v2\/posts\/6007\/revisions\/6011"}],"wp:featuredmedia":[{"embeddable":true,"href":"https:\/\/agora.xtec.cat\/escolapacocandel\/wp-json\/wp\/v2\/media\/6010"}],"wp:attachment":[{"href":"https:\/\/agora.xtec.cat\/escolapacocandel\/wp-json\/wp\/v2\/media?parent=6007"}],"wp:term":[{"taxonomy":"category","embeddable":true,"href":"https:\/\/agora.xtec.cat\/escolapacocandel\/wp-json\/wp\/v2\/categories?post=6007"},{"taxonomy":"post_tag","embeddable":true,"href":"https:\/\/agora.xtec.cat\/escolapacocandel\/wp-json\/wp\/v2\/tags?post=6007"}],"curies":[{"name":"wp","href":"https:\/\/api.w.org\/{rel}","templated":true}]}}