{"id":5995,"date":"2022-03-07T15:24:22","date_gmt":"2022-03-07T14:24:22","guid":{"rendered":"https:\/\/agora.xtec.cat\/escolapacocandel\/?p=5995"},"modified":"2024-01-31T18:17:56","modified_gmt":"2024-01-31T17:17:56","slug":"taller-seer","status":"publish","type":"post","link":"https:\/\/agora.xtec.cat\/escolapacocandel\/comunitat-de-mitjans\/taller-seer\/","title":{"rendered":"Taller SEER"},"content":{"rendered":"<p>En aquesta ocasi\u00f3 hem parlat sobre la tristesa i com podem transformar-la en alegria. Ens ha explicat el conte del mussol, que feia un te de ll\u00e0grimes per no guardar la seva tristesa.<br \/>\nEntre tots i totes hem fet el nostre te de ll\u00e0grimes, explicant les coses que ens feien sentir la tristesa. Al final, hem ballat i cantat una can\u00e7\u00f3 sobre la felicitat i hem pintat un dibuix que semblava molt trist tot decorant-lo.<br \/>\nHem apr\u00e8s que la tristesa a vegades ens arriba i \u00e9s millor compartir-la enlloc de guardar-la.<\/p>\n<blockquote class=\"wp-embedded-content\" data-secret=\"OqWYtSJdWX\"><p><a href=\"https:\/\/agora.xtec.cat\/escolapacocandel\/fotos-privat\/fotos-taller-seer-1r\/\">Protegit: Fotos taller SEER 1r<\/a><\/p><\/blockquote>\n<p><iframe loading=\"lazy\" class=\"wp-embedded-content\" sandbox=\"allow-scripts\" security=\"restricted\" style=\"position: absolute; clip: rect(1px, 1px, 1px, 1px);\" title=\"&#8220;Protegit: Fotos taller SEER 1r&#8221; &#8212; Escola Paco Candel\" src=\"https:\/\/agora.xtec.cat\/escolapacocandel\/fotos-privat\/fotos-taller-seer-1r\/embed\/#?secret=roEGY5Eoj1#?secret=OqWYtSJdWX\" data-secret=\"OqWYtSJdWX\" width=\"500\" height=\"282\" frameborder=\"0\" marginwidth=\"0\" marginheight=\"0\" scrolling=\"no\"><\/iframe><\/p>\n","protected":false},"excerpt":{"rendered":"<p>En aquesta ocasi\u00f3 hem parlat sobre la tristesa i com podem transformar-la en alegria. Ens ha explicat el conte del mussol, que feia un te de ll\u00e0grimes per no guardar la seva tristesa.<br \/>\nEntre tots i totes hem fet el nostre te de ll\u00e0grimes, explicant les&hellip;  <a href=\"https:\/\/agora.xtec.cat\/escolapacocandel\/comunitat-de-mitjans\/taller-seer\/\" title=\"Read Taller SEER\">Llegeix m\u00e9s\u00bb<\/a><\/p>\n","protected":false},"author":1,"featured_media":6001,"comment_status":"open","ping_status":"closed","sticky":false,"template":"","format":"standard","meta":{"_bbp_topic_count":0,"_bbp_reply_count":0,"_bbp_total_topic_count":0,"_bbp_total_reply_count":0,"_bbp_voice_count":0,"_bbp_anonymous_reply_count":0,"_bbp_topic_count_hidden":0,"_bbp_reply_count_hidden":0,"_bbp_forum_subforum_count":0,"footnotes":""},"categories":[127],"tags":[],"class_list":["post-5995","post","type-post","status-publish","format-standard","has-post-thumbnail","hentry","category-comunitat-de-mitjans"],"post_mailing_queue_ids":[],"_links":{"self":[{"href":"https:\/\/agora.xtec.cat\/escolapacocandel\/wp-json\/wp\/v2\/posts\/5995","targetHints":{"allow":["GET"]}}],"collection":[{"href":"https:\/\/agora.xtec.cat\/escolapacocandel\/wp-json\/wp\/v2\/posts"}],"about":[{"href":"https:\/\/agora.xtec.cat\/escolapacocandel\/wp-json\/wp\/v2\/types\/post"}],"author":[{"embeddable":true,"href":"https:\/\/agora.xtec.cat\/escolapacocandel\/wp-json\/wp\/v2\/users\/1"}],"replies":[{"embeddable":true,"href":"https:\/\/agora.xtec.cat\/escolapacocandel\/wp-json\/wp\/v2\/comments?post=5995"}],"version-history":[{"count":1,"href":"https:\/\/agora.xtec.cat\/escolapacocandel\/wp-json\/wp\/v2\/posts\/5995\/revisions"}],"predecessor-version":[{"id":6000,"href":"https:\/\/agora.xtec.cat\/escolapacocandel\/wp-json\/wp\/v2\/posts\/5995\/revisions\/6000"}],"wp:featuredmedia":[{"embeddable":true,"href":"https:\/\/agora.xtec.cat\/escolapacocandel\/wp-json\/wp\/v2\/media\/6001"}],"wp:attachment":[{"href":"https:\/\/agora.xtec.cat\/escolapacocandel\/wp-json\/wp\/v2\/media?parent=5995"}],"wp:term":[{"taxonomy":"category","embeddable":true,"href":"https:\/\/agora.xtec.cat\/escolapacocandel\/wp-json\/wp\/v2\/categories?post=5995"},{"taxonomy":"post_tag","embeddable":true,"href":"https:\/\/agora.xtec.cat\/escolapacocandel\/wp-json\/wp\/v2\/tags?post=5995"}],"curies":[{"name":"wp","href":"https:\/\/api.w.org\/{rel}","templated":true}]}}