{"id":5977,"date":"2022-03-06T14:26:03","date_gmt":"2022-03-06T13:26:03","guid":{"rendered":"https:\/\/agora.xtec.cat\/escolapacocandel\/?p=5977"},"modified":"2024-01-31T18:55:40","modified_gmt":"2024-01-31T17:55:40","slug":"cantania-2022-clara-lart-per-dins","status":"publish","type":"post","link":"https:\/\/agora.xtec.cat\/escolapacocandel\/comunitat-de-grans\/cantania-2022-clara-lart-per-dins\/","title":{"rendered":"CANT\u00c0NIA 2022. CLARA L&#8217;ART PER DINS"},"content":{"rendered":"<p>&nbsp;<\/p>\n<p>Hola nens i nenes de 5\u00e8,<\/p>\n<p>Us deixo en format online les can\u00e7ons de la cantania per si voleu anar-les practicant des de casa. Tamb\u00e9 l&#8217;enlla\u00e7 als diferents v\u00eddeos on tamb\u00e9 podeu anar seguint la lletra.<\/p>\n<p>Recordeu que som el cor1.<\/p>\n<p>Gaudiu molt!!!<\/p>\n<p><a href=\"https:\/\/drive.google.com\/file\/d\/1gttEU6BFaabAyoPYV4JdMEWfgo5NAdSf\/view?usp=sharing\">DOSSIER CANT\u00c0NIA<\/a><\/p>\n<p>V\u00cdDEOS<\/p>\n<p><iframe loading=\"lazy\" title=\"CANT\u00c0NIA 2022: CLARA, L&#039; ART PER DINS. 02 Un mat\u00ed lluent de sol.\" width=\"500\" height=\"281\" src=\"https:\/\/www.youtube.com\/embed\/cBeHrqFp5JY?feature=oembed\" frameborder=\"0\" allow=\"accelerometer; autoplay; clipboard-write; encrypted-media; gyroscope; picture-in-picture; web-share\" referrerpolicy=\"strict-origin-when-cross-origin\" allowfullscreen><\/iframe><\/p>\n<p><iframe loading=\"lazy\" title=\"CANT\u00c0NIA 2022: CLARA, L&#039;ART PER DINS. 04 Jo vull el be.\" width=\"500\" height=\"281\" src=\"https:\/\/www.youtube.com\/embed\/sGKw_9TY60Q?start=26&#038;feature=oembed\" frameborder=\"0\" allow=\"accelerometer; autoplay; clipboard-write; encrypted-media; gyroscope; picture-in-picture; web-share\" referrerpolicy=\"strict-origin-when-cross-origin\" allowfullscreen><\/iframe><\/p>\n<p><iframe loading=\"lazy\" title=\"CANT\u00c0NIA 2022: CLARA, L&#039; ART PER DINS.05. Abans de mirar ens cal.\" width=\"500\" height=\"281\" src=\"https:\/\/www.youtube.com\/embed\/5SXsWn8ShPg?start=11&#038;feature=oembed\" frameborder=\"0\" allow=\"accelerometer; autoplay; clipboard-write; encrypted-media; gyroscope; picture-in-picture; web-share\" referrerpolicy=\"strict-origin-when-cross-origin\" allowfullscreen><\/iframe><\/p>\n<p><iframe loading=\"lazy\" title=\"CANT\u00c0NIA 2022: CLARA, L&#039;ART PER DINS. 06 Senyora Clara.\" width=\"500\" height=\"281\" src=\"https:\/\/www.youtube.com\/embed\/tf-J0_E4XAc?feature=oembed\" frameborder=\"0\" allow=\"accelerometer; autoplay; clipboard-write; encrypted-media; gyroscope; picture-in-picture; web-share\" referrerpolicy=\"strict-origin-when-cross-origin\" allowfullscreen><\/iframe><\/p>\n<p><iframe loading=\"lazy\" title=\"CANT\u00c0NIA 2022: CLARA, L&#039;ART PER DINS. 07 Una estrella, dues, tres.\" width=\"500\" height=\"281\" src=\"https:\/\/www.youtube.com\/embed\/uzLxVF2DO9I?feature=oembed\" frameborder=\"0\" allow=\"accelerometer; autoplay; clipboard-write; encrypted-media; gyroscope; picture-in-picture; web-share\" referrerpolicy=\"strict-origin-when-cross-origin\" allowfullscreen><\/iframe><\/p>\n<p><iframe loading=\"lazy\" title=\"CANT\u00c0NIA 2022: CLARA L&#039;ART PER DINS. 9 CAVALLS . TEXT RECTIFICAT.\" width=\"500\" height=\"281\" src=\"https:\/\/www.youtube.com\/embed\/E61dd7ow91Y?start=127&#038;feature=oembed\" frameborder=\"0\" allow=\"accelerometer; autoplay; clipboard-write; encrypted-media; gyroscope; picture-in-picture; web-share\" referrerpolicy=\"strict-origin-when-cross-origin\" allowfullscreen><\/iframe><\/p>\n<p><iframe loading=\"lazy\" title=\"CANT\u00c0NIA 2022: CLARA, L&#039;ART PER DINS. 10 Pobre vailet.\" width=\"500\" height=\"281\" src=\"https:\/\/www.youtube.com\/embed\/dGPIFa6T8BE?start=70&#038;feature=oembed\" frameborder=\"0\" allow=\"accelerometer; autoplay; clipboard-write; encrypted-media; gyroscope; picture-in-picture; web-share\" referrerpolicy=\"strict-origin-when-cross-origin\" allowfullscreen><\/iframe><\/p>\n<p><iframe loading=\"lazy\" title=\"CANT\u00c0NIA 2022: CLARA, L&#039;ART PER DINS. 11 No veus quin cap m\u00e9s antic?\" width=\"500\" height=\"281\" src=\"https:\/\/www.youtube.com\/embed\/-i3bwOdUJ6E?feature=oembed\" frameborder=\"0\" allow=\"accelerometer; autoplay; clipboard-write; encrypted-media; gyroscope; picture-in-picture; web-share\" referrerpolicy=\"strict-origin-when-cross-origin\" allowfullscreen><\/iframe><\/p>\n<p><iframe loading=\"lazy\" title=\"CANT\u00c0NIA 2022: CLARA L&#039; ART PER DINS. 13. EL NEN DE L&#039; ESPINA. TEXT RECTIFICAT\" width=\"500\" height=\"281\" src=\"https:\/\/www.youtube.com\/embed\/_-AiYZy0IEg?start=91&#038;feature=oembed\" frameborder=\"0\" allow=\"accelerometer; autoplay; clipboard-write; encrypted-media; gyroscope; picture-in-picture; web-share\" referrerpolicy=\"strict-origin-when-cross-origin\" allowfullscreen><\/iframe><\/p>\n<p><iframe loading=\"lazy\" title=\"CANT\u00c0NIA 2022. CLARA, L&#039; ART PER DINS. 13.\u00c9s una cova de pedra blavosa.\" width=\"500\" height=\"281\" src=\"https:\/\/www.youtube.com\/embed\/hGZh5LfZMnI?start=136&#038;feature=oembed\" frameborder=\"0\" allow=\"accelerometer; autoplay; clipboard-write; encrypted-media; gyroscope; picture-in-picture; web-share\" referrerpolicy=\"strict-origin-when-cross-origin\" allowfullscreen><\/iframe><\/p>\n","protected":false},"excerpt":{"rendered":"<p>&nbsp;<br \/>\nHola nens i nenes de 5\u00e8,<br \/>\nUs deixo en format online les can\u00e7ons de la cantania per si voleu anar-les practicant des de casa. Tamb\u00e9 l&#8217;enlla\u00e7 als diferents v\u00eddeos on tamb\u00e9 podeu anar seguint la lletra.<br \/>\nRecordeu que som el cor1.<br \/>\nGaudiu molt!!!<br \/>\n<a href=\"https:\/\/drive.google.com\/file\/d\/1gttEU6BFaabAyoPYV4JdMEWfgo5NAdSf\/view?usp=sharing\">DOSSIER CANT\u00c0NIA<\/a><br \/>\nV\u00cdDEOS<\/p>\n","protected":false},"author":22,"featured_media":5978,"comment_status":"open","ping_status":"closed","sticky":false,"template":"","format":"standard","meta":{"_bbp_topic_count":0,"_bbp_reply_count":0,"_bbp_total_topic_count":0,"_bbp_total_reply_count":0,"_bbp_voice_count":0,"_bbp_anonymous_reply_count":0,"_bbp_topic_count_hidden":0,"_bbp_reply_count_hidden":0,"_bbp_forum_subforum_count":0,"footnotes":""},"categories":[144,129],"tags":[90],"class_list":["post-5977","post","type-post","status-publish","format-standard","has-post-thumbnail","hentry","category-5e","category-comunitat-de-grans","tag-musica"],"post_mailing_queue_ids":[],"_links":{"self":[{"href":"https:\/\/agora.xtec.cat\/escolapacocandel\/wp-json\/wp\/v2\/posts\/5977","targetHints":{"allow":["GET"]}}],"collection":[{"href":"https:\/\/agora.xtec.cat\/escolapacocandel\/wp-json\/wp\/v2\/posts"}],"about":[{"href":"https:\/\/agora.xtec.cat\/escolapacocandel\/wp-json\/wp\/v2\/types\/post"}],"author":[{"embeddable":true,"href":"https:\/\/agora.xtec.cat\/escolapacocandel\/wp-json\/wp\/v2\/users\/22"}],"replies":[{"embeddable":true,"href":"https:\/\/agora.xtec.cat\/escolapacocandel\/wp-json\/wp\/v2\/comments?post=5977"}],"version-history":[{"count":1,"href":"https:\/\/agora.xtec.cat\/escolapacocandel\/wp-json\/wp\/v2\/posts\/5977\/revisions"}],"predecessor-version":[{"id":5979,"href":"https:\/\/agora.xtec.cat\/escolapacocandel\/wp-json\/wp\/v2\/posts\/5977\/revisions\/5979"}],"wp:featuredmedia":[{"embeddable":true,"href":"https:\/\/agora.xtec.cat\/escolapacocandel\/wp-json\/wp\/v2\/media\/5978"}],"wp:attachment":[{"href":"https:\/\/agora.xtec.cat\/escolapacocandel\/wp-json\/wp\/v2\/media?parent=5977"}],"wp:term":[{"taxonomy":"category","embeddable":true,"href":"https:\/\/agora.xtec.cat\/escolapacocandel\/wp-json\/wp\/v2\/categories?post=5977"},{"taxonomy":"post_tag","embeddable":true,"href":"https:\/\/agora.xtec.cat\/escolapacocandel\/wp-json\/wp\/v2\/tags?post=5977"}],"curies":[{"name":"wp","href":"https:\/\/api.w.org\/{rel}","templated":true}]}}