{"id":5961,"date":"2022-03-04T12:18:59","date_gmt":"2022-03-04T11:18:59","guid":{"rendered":"https:\/\/agora.xtec.cat\/escolapacocandel\/?p=5961"},"modified":"2024-01-31T18:47:31","modified_gmt":"2024-01-31T17:47:31","slug":"fun-brain-taller-dels-sentits","status":"publish","type":"post","link":"https:\/\/agora.xtec.cat\/escolapacocandel\/general\/fun-brain-taller-dels-sentits\/","title":{"rendered":"Fun Brain &#8211; Taller dels sentits"},"content":{"rendered":"<p>Avui, les nenes i els nens de 3r, de l&#8217;Escola Paco Candel, han pogut participar en un taller molt interessant guiat per la Laia, una cient\u00edfica que sabia molt\u00edssim sobre el sistema nervi\u00f3s i els sentits.<\/p>\n<p>Ens ha explicat qu\u00e8 \u00e9s el sistema nervi\u00f3s i com funciona! Hem pogut con\u00e8ixer que s\u00f3n les neurones i com funciona el nostre cervell. Hem pogut fer un experiment i veure que el nostre cervell est\u00e0 protegit pel crani i per un l\u00edquid anomenat l\u00edquid cefaloraquidi.<\/p>\n<p>Tamb\u00e9 hem fet un tastet d&#8217;olors i hem comprovat que el nostre cervell, rep informaci\u00f3 constantment i associa coses que ja coneixem o ens recorden a coses! Per acabar, la Laia anava ficant alguns objectes que tenim a l&#8217;aula en una capsa i quan estava l&#8217;objecte dins, obr\u00edem els ulls i amb el tacte hav\u00edem d&#8217;esbrinar que era!<\/p>\n<p>Ha sigut un mat\u00ed MOLT divertit!<\/p>\n<p>Us compartim un recull de fotografies d&#8217;aquest taller!<\/p>\n<blockquote class=\"wp-embedded-content\" data-secret=\"wcSXg3wcR9\"><p><a href=\"https:\/\/agora.xtec.cat\/escolapacocandel\/fotos-privat\/taller-funbrain-els-sentits\/\">Protegit: Taller FunBrain &#8220;Els sentits&#8221;<\/a><\/p><\/blockquote>\n<p><iframe loading=\"lazy\" class=\"wp-embedded-content\" sandbox=\"allow-scripts\" security=\"restricted\" style=\"position: absolute; clip: rect(1px, 1px, 1px, 1px);\" title=\"&#8220;Protegit: Taller FunBrain &#8220;Els sentits&#8221;&#8221; &#8212; Escola Paco Candel\" src=\"https:\/\/agora.xtec.cat\/escolapacocandel\/fotos-privat\/taller-funbrain-els-sentits\/embed\/#?secret=qQJyW4RxKV#?secret=wcSXg3wcR9\" data-secret=\"wcSXg3wcR9\" width=\"500\" height=\"282\" frameborder=\"0\" marginwidth=\"0\" marginheight=\"0\" scrolling=\"no\"><\/iframe><\/p>\n","protected":false},"excerpt":{"rendered":"<p>Avui, les nenes i els nens de 3r, de l&#8217;Escola Paco Candel, han pogut participar en un taller molt interessant guiat per la Laia, una cient\u00edfica que sabia molt\u00edssim sobre el sistema nervi\u00f3s i els sentits.<br \/>\nEns ha explicat qu\u00e8 \u00e9s el sistema nervi\u00f3s i com&hellip;  <a href=\"https:\/\/agora.xtec.cat\/escolapacocandel\/general\/fun-brain-taller-dels-sentits\/\" title=\"Read Fun Brain &#8211; Taller dels sentits\">Llegeix m\u00e9s\u00bb<\/a><\/p>\n","protected":false},"author":18,"featured_media":5965,"comment_status":"open","ping_status":"closed","sticky":false,"template":"","format":"standard","meta":{"_bbp_topic_count":0,"_bbp_reply_count":0,"_bbp_total_topic_count":0,"_bbp_total_reply_count":0,"_bbp_voice_count":0,"_bbp_anonymous_reply_count":0,"_bbp_topic_count_hidden":0,"_bbp_reply_count_hidden":0,"_bbp_forum_subforum_count":0,"footnotes":""},"categories":[127,1,141],"tags":[],"class_list":["post-5961","post","type-post","status-publish","format-standard","has-post-thumbnail","hentry","category-comunitat-de-mitjans","category-general","category-3r"],"post_mailing_queue_ids":[],"_links":{"self":[{"href":"https:\/\/agora.xtec.cat\/escolapacocandel\/wp-json\/wp\/v2\/posts\/5961","targetHints":{"allow":["GET"]}}],"collection":[{"href":"https:\/\/agora.xtec.cat\/escolapacocandel\/wp-json\/wp\/v2\/posts"}],"about":[{"href":"https:\/\/agora.xtec.cat\/escolapacocandel\/wp-json\/wp\/v2\/types\/post"}],"author":[{"embeddable":true,"href":"https:\/\/agora.xtec.cat\/escolapacocandel\/wp-json\/wp\/v2\/users\/18"}],"replies":[{"embeddable":true,"href":"https:\/\/agora.xtec.cat\/escolapacocandel\/wp-json\/wp\/v2\/comments?post=5961"}],"version-history":[{"count":2,"href":"https:\/\/agora.xtec.cat\/escolapacocandel\/wp-json\/wp\/v2\/posts\/5961\/revisions"}],"predecessor-version":[{"id":5966,"href":"https:\/\/agora.xtec.cat\/escolapacocandel\/wp-json\/wp\/v2\/posts\/5961\/revisions\/5966"}],"wp:featuredmedia":[{"embeddable":true,"href":"https:\/\/agora.xtec.cat\/escolapacocandel\/wp-json\/wp\/v2\/media\/5965"}],"wp:attachment":[{"href":"https:\/\/agora.xtec.cat\/escolapacocandel\/wp-json\/wp\/v2\/media?parent=5961"}],"wp:term":[{"taxonomy":"category","embeddable":true,"href":"https:\/\/agora.xtec.cat\/escolapacocandel\/wp-json\/wp\/v2\/categories?post=5961"},{"taxonomy":"post_tag","embeddable":true,"href":"https:\/\/agora.xtec.cat\/escolapacocandel\/wp-json\/wp\/v2\/tags?post=5961"}],"curies":[{"name":"wp","href":"https:\/\/api.w.org\/{rel}","templated":true}]}}