{"id":5922,"date":"2022-03-04T02:01:59","date_gmt":"2022-03-04T01:01:59","guid":{"rendered":"https:\/\/agora.xtec.cat\/escolapacocandel\/?p=5922"},"modified":"2024-01-31T18:09:43","modified_gmt":"2024-01-31T17:09:43","slug":"la-mimosa-ram-de-penjolls-daurats","status":"publish","type":"post","link":"https:\/\/agora.xtec.cat\/escolapacocandel\/comunitat-de-petits\/la-mimosa-ram-de-penjolls-daurats\/","title":{"rendered":"La  mimosa, ram de penjolls daurats"},"content":{"rendered":"<p><a href=\"https:\/\/agora.xtec.cat\/escolapacocandel\/wp-content\/uploads\/usu332\/2022\/02\/Imagen1.jpg\"><img loading=\"lazy\" decoding=\"async\" class=\"wp-image-5953 alignleft\" src=\"https:\/\/agora.xtec.cat\/escolapacocandel\/wp-content\/uploads\/usu332\/2022\/02\/Imagen1-1024x713.jpg\" alt=\"\" width=\"304\" height=\"212\" srcset=\"https:\/\/agora.xtec.cat\/escolapacocandel\/wp-content\/uploads\/usu332\/2022\/02\/Imagen1-1024x713.jpg 1024w, https:\/\/agora.xtec.cat\/escolapacocandel\/wp-content\/uploads\/usu332\/2022\/02\/Imagen1-300x209.jpg 300w, https:\/\/agora.xtec.cat\/escolapacocandel\/wp-content\/uploads\/usu332\/2022\/02\/Imagen1-768x534.jpg 768w, https:\/\/agora.xtec.cat\/escolapacocandel\/wp-content\/uploads\/usu332\/2022\/02\/Imagen1.jpg 1036w\" sizes=\"auto, (max-width: 304px) 100vw, 304px\" \/><\/a>En temps de <b>mimoses<\/b>, d\u2019esclat\u00a0 de penjolls daurats, es d\u00f3na la oportunitat als infants de meravellar-se amb la natura.<\/p>\n<p>Un petit ram i unes aquarel\u00b7les permeten captar el detall d\u2019aquesta flor, del seu color, la textura de les seves fulles. A un rac\u00f3 de l\u2019aula, les mans i els ulls perceben amb delicadesa, una interpretaci\u00f3 que esdev\u00e9 diferent segons qui mira.<\/p>\n<p>Idees i comparacions,\u00a0<b>met\u00e0fores\u00a0de vida <\/b>que els nens i nenes fan segons les seves experi\u00e8ncies i coneixements. Percepcions tamb\u00e9 reals d\u2019all\u00f2 que observen, amb una lupa, on els ulls recullen informaci\u00f3.<\/p>\n<p>Gr\u00e0cies al dibuix els nens i nenes poden fomentar la imaginaci\u00f3, la creativitat, la mem\u00f2ria, l&#8217;expressi\u00f3&#8230;<\/p>\n<p>Dibuixar crea seguretat en els petits i fa que siguin protagonistes del seu propi aprenentatge.<a href=\"https:\/\/agora.xtec.cat\/escolapacocandel\/wp-content\/uploads\/usu332\/2022\/03\/Imagen1.jpg\"><img loading=\"lazy\" decoding=\"async\" class=\"wp-image-5956 alignright\" src=\"https:\/\/agora.xtec.cat\/escolapacocandel\/wp-content\/uploads\/usu332\/2022\/03\/Imagen1.jpg\" alt=\"\" width=\"240\" height=\"220\" srcset=\"https:\/\/agora.xtec.cat\/escolapacocandel\/wp-content\/uploads\/usu332\/2022\/03\/Imagen1.jpg 692w, https:\/\/agora.xtec.cat\/escolapacocandel\/wp-content\/uploads\/usu332\/2022\/03\/Imagen1-300x274.jpg 300w\" sizes=\"auto, (max-width: 240px) 100vw, 240px\" \/><\/a><\/p>\n<p>Dibuixar estimula les habilitats cognitives, crea emocions, sentiments, sensacions&#8230;<\/p>\n<p>Dibuixar estimula i afavoreix el desenvolupament de les capacitats com la creativitat, la llibertat, l&#8217;originalitat&#8230;<\/p>\n<p>Dibuixos diferents, <b>interpretacions<\/b> lliures d\u2019all\u00f2 que es veu, d\u2019all\u00f2 que s\u2019observa. Tot \u00e9s v\u00e0lid.<\/p>\n<blockquote class=\"wp-embedded-content\" data-secret=\"Ab69oVA4TZ\"><p><a href=\"https:\/\/agora.xtec.cat\/escolapacocandel\/fotos-privat\/la-mimosa\/\">Protegit: La mimosa<\/a><\/p><\/blockquote>\n<p><iframe loading=\"lazy\" class=\"wp-embedded-content\" sandbox=\"allow-scripts\" security=\"restricted\" style=\"position: absolute; clip: rect(1px, 1px, 1px, 1px);\" title=\"&#8220;Protegit: La mimosa&#8221; &#8212; Escola Paco Candel\" src=\"https:\/\/agora.xtec.cat\/escolapacocandel\/fotos-privat\/la-mimosa\/embed\/#?secret=HpI8kxgfxc#?secret=Ab69oVA4TZ\" data-secret=\"Ab69oVA4TZ\" width=\"500\" height=\"282\" frameborder=\"0\" marginwidth=\"0\" marginheight=\"0\" scrolling=\"no\"><\/iframe><\/p>\n","protected":false},"excerpt":{"rendered":"<p><a href=\"https:\/\/agora.xtec.cat\/escolapacocandel\/wp-content\/uploads\/usu332\/2022\/02\/Imagen1.jpg\"><\/a>En temps de mimoses, d\u2019esclat\u00a0 de penjolls daurats, es d\u00f3na la oportunitat als infants de meravellar-se amb la natura.<br \/>\nUn petit ram i unes aquarel\u00b7les permeten captar el detall d\u2019aquesta flor, del seu color, la textura de les seves fulles. A un rac\u00f3 de l\u2019aula,&hellip;  <a href=\"https:\/\/agora.xtec.cat\/escolapacocandel\/comunitat-de-petits\/la-mimosa-ram-de-penjolls-daurats\/\" title=\"Read La  mimosa, ram de penjolls daurats\">Llegeix m\u00e9s\u00bb<\/a><\/p>\n","protected":false},"author":5,"featured_media":5953,"comment_status":"open","ping_status":"closed","sticky":false,"template":"","format":"standard","meta":{"_bbp_topic_count":0,"_bbp_reply_count":0,"_bbp_total_topic_count":0,"_bbp_total_reply_count":0,"_bbp_voice_count":0,"_bbp_anonymous_reply_count":0,"_bbp_topic_count_hidden":0,"_bbp_reply_count_hidden":0,"_bbp_forum_subforum_count":0,"footnotes":""},"categories":[128],"tags":[],"class_list":["post-5922","post","type-post","status-publish","format-standard","has-post-thumbnail","hentry","category-comunitat-de-petits"],"post_mailing_queue_ids":[],"_links":{"self":[{"href":"https:\/\/agora.xtec.cat\/escolapacocandel\/wp-json\/wp\/v2\/posts\/5922","targetHints":{"allow":["GET"]}}],"collection":[{"href":"https:\/\/agora.xtec.cat\/escolapacocandel\/wp-json\/wp\/v2\/posts"}],"about":[{"href":"https:\/\/agora.xtec.cat\/escolapacocandel\/wp-json\/wp\/v2\/types\/post"}],"author":[{"embeddable":true,"href":"https:\/\/agora.xtec.cat\/escolapacocandel\/wp-json\/wp\/v2\/users\/5"}],"replies":[{"embeddable":true,"href":"https:\/\/agora.xtec.cat\/escolapacocandel\/wp-json\/wp\/v2\/comments?post=5922"}],"version-history":[{"count":3,"href":"https:\/\/agora.xtec.cat\/escolapacocandel\/wp-json\/wp\/v2\/posts\/5922\/revisions"}],"predecessor-version":[{"id":5992,"href":"https:\/\/agora.xtec.cat\/escolapacocandel\/wp-json\/wp\/v2\/posts\/5922\/revisions\/5992"}],"wp:featuredmedia":[{"embeddable":true,"href":"https:\/\/agora.xtec.cat\/escolapacocandel\/wp-json\/wp\/v2\/media\/5953"}],"wp:attachment":[{"href":"https:\/\/agora.xtec.cat\/escolapacocandel\/wp-json\/wp\/v2\/media?parent=5922"}],"wp:term":[{"taxonomy":"category","embeddable":true,"href":"https:\/\/agora.xtec.cat\/escolapacocandel\/wp-json\/wp\/v2\/categories?post=5922"},{"taxonomy":"post_tag","embeddable":true,"href":"https:\/\/agora.xtec.cat\/escolapacocandel\/wp-json\/wp\/v2\/tags?post=5922"}],"curies":[{"name":"wp","href":"https:\/\/api.w.org\/{rel}","templated":true}]}}