{"id":5914,"date":"2022-02-25T15:49:50","date_gmt":"2022-02-25T14:49:50","guid":{"rendered":"https:\/\/agora.xtec.cat\/escolapacocandel\/?p=5914"},"modified":"2024-01-31T18:55:49","modified_gmt":"2024-01-31T17:55:49","slug":"carnestoltes-a-cicle-superior-21-22","status":"publish","type":"post","link":"https:\/\/agora.xtec.cat\/escolapacocandel\/comunitat-de-grans\/carnestoltes-a-cicle-superior-21-22\/","title":{"rendered":"Carnestoltes a Cicle Superior (21\/22)"},"content":{"rendered":"<p>Les nenes i els nens de Cicle Superior hem celebrat el Carnestoltes aquesta setmana. Hem gaudit molt de les diferents consignes que ens ha donat el rei Carnestoltes i la culminaci\u00f3 final ha sigut aquest divendres on hem pogut lluir les diferents disfresses davant de les fam\u00edlies i tamb\u00e9 hem fet el ball que tant hem practicat a Educaci\u00f3 F\u00edsica.<br \/>\nA continuaci\u00f3 us deixem una s\u00e8rie de fotografies i v\u00eddeos:<\/p>\n<blockquote class=\"wp-embedded-content\" data-secret=\"JcUxoq8hA2\"><p><a href=\"https:\/\/agora.xtec.cat\/escolapacocandel\/fotos-privat\/fotos-carnestoltes-cicle-superior\/\">Protegit: Fotos Carnestoltes Cicle Superior<\/a><\/p><\/blockquote>\n<p><iframe loading=\"lazy\" class=\"wp-embedded-content\" sandbox=\"allow-scripts\" security=\"restricted\" style=\"position: absolute; clip: rect(1px, 1px, 1px, 1px);\" title=\"&#8220;Protegit: Fotos Carnestoltes Cicle Superior&#8221; &#8212; Escola Paco Candel\" src=\"https:\/\/agora.xtec.cat\/escolapacocandel\/fotos-privat\/fotos-carnestoltes-cicle-superior\/embed\/#?secret=joUwHxhnyo#?secret=JcUxoq8hA2\" data-secret=\"JcUxoq8hA2\" width=\"500\" height=\"282\" frameborder=\"0\" marginwidth=\"0\" marginheight=\"0\" scrolling=\"no\"><\/iframe><\/p>\n","protected":false},"excerpt":{"rendered":"<p>Les nenes i els nens de Cicle Superior hem celebrat el Carnestoltes aquesta setmana. Hem gaudit molt de les diferents consignes que ens ha donat el rei Carnestoltes i la culminaci\u00f3 final ha sigut aquest divendres on hem pogut lluir les diferents disfresses davant de&hellip;  <a href=\"https:\/\/agora.xtec.cat\/escolapacocandel\/comunitat-de-grans\/carnestoltes-a-cicle-superior-21-22\/\" title=\"Read Carnestoltes a Cicle Superior (21\/22)\">Llegeix m\u00e9s\u00bb<\/a><\/p>\n","protected":false},"author":21,"featured_media":5913,"comment_status":"open","ping_status":"closed","sticky":false,"template":"","format":"standard","meta":{"_bbp_topic_count":0,"_bbp_reply_count":0,"_bbp_total_topic_count":0,"_bbp_total_reply_count":0,"_bbp_voice_count":0,"_bbp_anonymous_reply_count":0,"_bbp_topic_count_hidden":0,"_bbp_reply_count_hidden":0,"_bbp_forum_subforum_count":0,"footnotes":""},"categories":[144,129,146],"tags":[117],"class_list":["post-5914","post","type-post","status-publish","format-standard","has-post-thumbnail","hentry","category-5e","category-comunitat-de-grans","category-6e","tag-carnaval"],"post_mailing_queue_ids":[],"_links":{"self":[{"href":"https:\/\/agora.xtec.cat\/escolapacocandel\/wp-json\/wp\/v2\/posts\/5914","targetHints":{"allow":["GET"]}}],"collection":[{"href":"https:\/\/agora.xtec.cat\/escolapacocandel\/wp-json\/wp\/v2\/posts"}],"about":[{"href":"https:\/\/agora.xtec.cat\/escolapacocandel\/wp-json\/wp\/v2\/types\/post"}],"author":[{"embeddable":true,"href":"https:\/\/agora.xtec.cat\/escolapacocandel\/wp-json\/wp\/v2\/users\/21"}],"replies":[{"embeddable":true,"href":"https:\/\/agora.xtec.cat\/escolapacocandel\/wp-json\/wp\/v2\/comments?post=5914"}],"version-history":[{"count":1,"href":"https:\/\/agora.xtec.cat\/escolapacocandel\/wp-json\/wp\/v2\/posts\/5914\/revisions"}],"predecessor-version":[{"id":5917,"href":"https:\/\/agora.xtec.cat\/escolapacocandel\/wp-json\/wp\/v2\/posts\/5914\/revisions\/5917"}],"wp:featuredmedia":[{"embeddable":true,"href":"https:\/\/agora.xtec.cat\/escolapacocandel\/wp-json\/wp\/v2\/media\/5913"}],"wp:attachment":[{"href":"https:\/\/agora.xtec.cat\/escolapacocandel\/wp-json\/wp\/v2\/media?parent=5914"}],"wp:term":[{"taxonomy":"category","embeddable":true,"href":"https:\/\/agora.xtec.cat\/escolapacocandel\/wp-json\/wp\/v2\/categories?post=5914"},{"taxonomy":"post_tag","embeddable":true,"href":"https:\/\/agora.xtec.cat\/escolapacocandel\/wp-json\/wp\/v2\/tags?post=5914"}],"curies":[{"name":"wp","href":"https:\/\/api.w.org\/{rel}","templated":true}]}}