{"id":5902,"date":"2022-02-25T11:13:01","date_gmt":"2022-02-25T10:13:01","guid":{"rendered":"https:\/\/agora.xtec.cat\/escolapacocandel\/?p=5902"},"modified":"2024-01-31T18:48:05","modified_gmt":"2024-01-31T17:48:05","slug":"carnestoltes","status":"publish","type":"post","link":"https:\/\/agora.xtec.cat\/escolapacocandel\/comunitat-de-mitjans\/carnestoltes\/","title":{"rendered":"Carnestoltes!!!!"},"content":{"rendered":"<p>Els nens i nenes del cicle mitj\u00e0, hem celebrat el Carnestoltes!!! Al mat\u00ed ens hem ensenyat les nostres disfresses i hem fet un petit escalfament ballant a la classe amb una mica de m\u00fasica mentre esper\u00e0vem que el p\u00fablic arrib\u00e9s al pati de l\u2019escola&#8230; Quins nervis!!! I per fi&#8230; hem sortit al pati, hem desfilat i hem ballat!!!! El ball ens ha quedat genial i ens ho hem passat molt i molt b\u00e9!!<\/p>\n<p>Us deixem un recull de les fotografies de la setmana de Carnestoltes.<\/p>\n<p><a href=\"https:\/\/agora.xtec.cat\/escolapacocandel\/fotos-privat\/fotos-4ta\/\">Recull fotografies de 4tA<\/a><\/p>\n<p><a href=\"https:\/\/agora.xtec.cat\/escolapacocandel\/fotos-privat\/fotos-4tb\/\">Recull fotografies de 4tB<\/a><\/p>\n<p><a href=\"https:\/\/photos.app.goo.gl\/xB4rt7AYVDbnS4ZW6\">Recull fotografies de 3r<\/a><\/p>\n<p>&nbsp;<\/p>\n","protected":false},"excerpt":{"rendered":"<p>Els nens i nenes del cicle mitj\u00e0, hem celebrat el Carnestoltes!!! Al mat\u00ed ens hem ensenyat les nostres disfresses i hem fet un petit escalfament ballant a la classe amb una mica de m\u00fasica mentre esper\u00e0vem que el p\u00fablic arrib\u00e9s al pati de l\u2019escola&#8230; Quins&hellip;  <a href=\"https:\/\/agora.xtec.cat\/escolapacocandel\/comunitat-de-mitjans\/carnestoltes\/\" title=\"Read Carnestoltes!!!!\">Llegeix m\u00e9s\u00bb<\/a><\/p>\n","protected":false},"author":1,"featured_media":5913,"comment_status":"open","ping_status":"closed","sticky":false,"template":"","format":"standard","meta":{"_bbp_topic_count":0,"_bbp_reply_count":0,"_bbp_total_topic_count":0,"_bbp_total_reply_count":0,"_bbp_voice_count":0,"_bbp_anonymous_reply_count":0,"_bbp_topic_count_hidden":0,"_bbp_reply_count_hidden":0,"_bbp_forum_subforum_count":0,"footnotes":""},"categories":[129,127,143,141],"tags":[117],"class_list":["post-5902","post","type-post","status-publish","format-standard","has-post-thumbnail","hentry","category-comunitat-de-grans","category-comunitat-de-mitjans","category-4t","category-3r","tag-carnaval"],"post_mailing_queue_ids":[],"_links":{"self":[{"href":"https:\/\/agora.xtec.cat\/escolapacocandel\/wp-json\/wp\/v2\/posts\/5902","targetHints":{"allow":["GET"]}}],"collection":[{"href":"https:\/\/agora.xtec.cat\/escolapacocandel\/wp-json\/wp\/v2\/posts"}],"about":[{"href":"https:\/\/agora.xtec.cat\/escolapacocandel\/wp-json\/wp\/v2\/types\/post"}],"author":[{"embeddable":true,"href":"https:\/\/agora.xtec.cat\/escolapacocandel\/wp-json\/wp\/v2\/users\/1"}],"replies":[{"embeddable":true,"href":"https:\/\/agora.xtec.cat\/escolapacocandel\/wp-json\/wp\/v2\/comments?post=5902"}],"version-history":[{"count":3,"href":"https:\/\/agora.xtec.cat\/escolapacocandel\/wp-json\/wp\/v2\/posts\/5902\/revisions"}],"predecessor-version":[{"id":5937,"href":"https:\/\/agora.xtec.cat\/escolapacocandel\/wp-json\/wp\/v2\/posts\/5902\/revisions\/5937"}],"wp:featuredmedia":[{"embeddable":true,"href":"https:\/\/agora.xtec.cat\/escolapacocandel\/wp-json\/wp\/v2\/media\/5913"}],"wp:attachment":[{"href":"https:\/\/agora.xtec.cat\/escolapacocandel\/wp-json\/wp\/v2\/media?parent=5902"}],"wp:term":[{"taxonomy":"category","embeddable":true,"href":"https:\/\/agora.xtec.cat\/escolapacocandel\/wp-json\/wp\/v2\/categories?post=5902"},{"taxonomy":"post_tag","embeddable":true,"href":"https:\/\/agora.xtec.cat\/escolapacocandel\/wp-json\/wp\/v2\/tags?post=5902"}],"curies":[{"name":"wp","href":"https:\/\/api.w.org\/{rel}","templated":true}]}}