{"id":5888,"date":"2022-02-21T09:00:41","date_gmt":"2022-02-21T08:00:41","guid":{"rendered":"https:\/\/agora.xtec.cat\/escolapacocandel\/?p=5888"},"modified":"2024-01-31T18:09:49","modified_gmt":"2024-01-31T17:09:49","slug":"visita-del-rei-i-la-reina-carnestoltes","status":"publish","type":"post","link":"https:\/\/agora.xtec.cat\/escolapacocandel\/comunitat-de-petits\/visita-del-rei-i-la-reina-carnestoltes\/","title":{"rendered":"Visita del rei i la reina carnestoltes!"},"content":{"rendered":"<p><span style=\"font-weight: 400;\">Ens fa molta il\u00b7lusi\u00f3 contar-vos que ja ha arribat el moment i com cada curs, ja tenim preparat el Carnaval. <\/span><\/p>\n<p>El divendres 18 els infants de l&#8217;escola van rebre una visita molt especial, amb cares de sorpresa i un gran somriure miraven com el rei i la reina entraven a la classe per donar-los les consignes de la setmana. Molt emocionats i emocionades, van voler comen\u00e7ar a practicar, pintant-se les cares i disfressant-se de personatges m\u00e0gics i superherois.<\/p>\n<p>ARA S\u00cd, ANEM-NOS A DIVERTIR.<br \/>\nCANTAREM, BALLAREM I RIUREM<br \/>\nI D\u2019ALL\u00d2 M\u00c9S B\u00c9 ENS HO PASSAREM.<\/p>\n<blockquote class=\"wp-embedded-content\" data-secret=\"U4KKfuv0M6\"><p><a href=\"https:\/\/agora.xtec.cat\/escolapacocandel\/fotos-privat\/visita-del-rei-i-la-reina\/\">Protegit: Visita del rei i la reina.<\/a><\/p><\/blockquote>\n<p><iframe loading=\"lazy\" class=\"wp-embedded-content\" sandbox=\"allow-scripts\" security=\"restricted\" style=\"position: absolute; clip: rect(1px, 1px, 1px, 1px);\" title=\"&#8220;Protegit: Visita del rei i la reina.&#8221; &#8212; Escola Paco Candel\" src=\"https:\/\/agora.xtec.cat\/escolapacocandel\/fotos-privat\/visita-del-rei-i-la-reina\/embed\/#?secret=iRuQetnN8P#?secret=U4KKfuv0M6\" data-secret=\"U4KKfuv0M6\" width=\"500\" height=\"282\" frameborder=\"0\" marginwidth=\"0\" marginheight=\"0\" scrolling=\"no\"><\/iframe><\/p>\n","protected":false},"excerpt":{"rendered":"<p>Ens fa molta il\u00b7lusi\u00f3 contar-vos que ja ha arribat el moment i com cada curs, ja tenim preparat el Carnaval.<br \/>\nEl divendres 18 els infants de l&#8217;escola van rebre una visita molt especial, amb cares de sorpresa i un gran somriure miraven com el rei&hellip;  <a href=\"https:\/\/agora.xtec.cat\/escolapacocandel\/comunitat-de-petits\/visita-del-rei-i-la-reina-carnestoltes\/\" title=\"Read Visita del rei i la reina carnestoltes!\">Llegeix m\u00e9s\u00bb<\/a><\/p>\n","protected":false},"author":1,"featured_media":5892,"comment_status":"open","ping_status":"closed","sticky":false,"template":"","format":"standard","meta":{"_bbp_topic_count":0,"_bbp_reply_count":0,"_bbp_total_topic_count":0,"_bbp_total_reply_count":0,"_bbp_voice_count":0,"_bbp_anonymous_reply_count":0,"_bbp_topic_count_hidden":0,"_bbp_reply_count_hidden":0,"_bbp_forum_subforum_count":0,"footnotes":""},"categories":[128],"tags":[117],"class_list":["post-5888","post","type-post","status-publish","format-standard","has-post-thumbnail","hentry","category-comunitat-de-petits","tag-carnaval"],"post_mailing_queue_ids":[],"_links":{"self":[{"href":"https:\/\/agora.xtec.cat\/escolapacocandel\/wp-json\/wp\/v2\/posts\/5888","targetHints":{"allow":["GET"]}}],"collection":[{"href":"https:\/\/agora.xtec.cat\/escolapacocandel\/wp-json\/wp\/v2\/posts"}],"about":[{"href":"https:\/\/agora.xtec.cat\/escolapacocandel\/wp-json\/wp\/v2\/types\/post"}],"author":[{"embeddable":true,"href":"https:\/\/agora.xtec.cat\/escolapacocandel\/wp-json\/wp\/v2\/users\/1"}],"replies":[{"embeddable":true,"href":"https:\/\/agora.xtec.cat\/escolapacocandel\/wp-json\/wp\/v2\/comments?post=5888"}],"version-history":[{"count":3,"href":"https:\/\/agora.xtec.cat\/escolapacocandel\/wp-json\/wp\/v2\/posts\/5888\/revisions"}],"predecessor-version":[{"id":5935,"href":"https:\/\/agora.xtec.cat\/escolapacocandel\/wp-json\/wp\/v2\/posts\/5888\/revisions\/5935"}],"wp:featuredmedia":[{"embeddable":true,"href":"https:\/\/agora.xtec.cat\/escolapacocandel\/wp-json\/wp\/v2\/media\/5892"}],"wp:attachment":[{"href":"https:\/\/agora.xtec.cat\/escolapacocandel\/wp-json\/wp\/v2\/media?parent=5888"}],"wp:term":[{"taxonomy":"category","embeddable":true,"href":"https:\/\/agora.xtec.cat\/escolapacocandel\/wp-json\/wp\/v2\/categories?post=5888"},{"taxonomy":"post_tag","embeddable":true,"href":"https:\/\/agora.xtec.cat\/escolapacocandel\/wp-json\/wp\/v2\/tags?post=5888"}],"curies":[{"name":"wp","href":"https:\/\/api.w.org\/{rel}","templated":true}]}}