{"id":5873,"date":"2022-02-17T17:10:37","date_gmt":"2022-02-17T16:10:37","guid":{"rendered":"https:\/\/agora.xtec.cat\/escolapacocandel\/?p=5873"},"modified":"2024-01-31T18:55:59","modified_gmt":"2024-01-31T17:55:59","slug":"sortida-can-santoi-6e","status":"publish","type":"post","link":"https:\/\/agora.xtec.cat\/escolapacocandel\/comunitat-de-grans\/sortida-can-santoi-6e\/","title":{"rendered":"Sortida Can Santoi-6\u00e8"},"content":{"rendered":"<p>Avui hem realitzat la sortida del projecte &#8220;CONSUM RESPONSABLE I ENERGIES RENOVABLES&#8221;,\u00a0 al camp d&#8217;aprenentatges CAN SANTOI a Molins de Rei. All\u00e0 hem realitzat un taller que es diu &#8220;El nostre amic el sol&#8221; on els parlen de l&#8217;energia solar. En aquests tallers han treballat amb una cuina solar, unes plaques fotovoltaiques i col\u00b7lectors solars. Tot a partir de la experimentaci\u00f3 vivencial.<\/p>\n<p>Us deixem un petit recull de fotos:<\/p>\n<blockquote class=\"wp-embedded-content\" data-secret=\"KHllzuo39U\"><p><a href=\"https:\/\/agora.xtec.cat\/escolapacocandel\/fotos-privat\/fotos-6e-can-santoi\/\">Protegit: Fotos 6\u00e8 Can Santoi<\/a><\/p><\/blockquote>\n<p><iframe loading=\"lazy\" class=\"wp-embedded-content\" sandbox=\"allow-scripts\" security=\"restricted\" style=\"position: absolute; clip: rect(1px, 1px, 1px, 1px);\" title=\"&#8220;Protegit: Fotos 6\u00e8 Can Santoi&#8221; &#8212; Escola Paco Candel\" src=\"https:\/\/agora.xtec.cat\/escolapacocandel\/fotos-privat\/fotos-6e-can-santoi\/embed\/#?secret=1SvuG7338n#?secret=KHllzuo39U\" data-secret=\"KHllzuo39U\" width=\"500\" height=\"282\" frameborder=\"0\" marginwidth=\"0\" marginheight=\"0\" scrolling=\"no\"><\/iframe><\/p>\n<p>Des de CAN SANTOI, tamb\u00e9 faran un article de la sortida dels vostres fills i filles, si voleu fer una ullada aqu\u00ed teniu l&#8217;enlla\u00e7:<\/p>\n<blockquote class=\"wp-embedded-content\" data-secret=\"SxIxw6MfcI\"><p><a href=\"https:\/\/serveiseducatius.xtec.cat\/cda-cansantoi\/\">Inici<\/a><\/p><\/blockquote>\n<p><iframe loading=\"lazy\" class=\"wp-embedded-content\" sandbox=\"allow-scripts\" security=\"restricted\" style=\"position: absolute; clip: rect(1px, 1px, 1px, 1px);\" title=\"&#8220;Inici&#8221; &#8212; CdA Can Santoi\" src=\"https:\/\/serveiseducatius.xtec.cat\/cda-cansantoi\/embed\/#?secret=LCJBbhrwDn#?secret=SxIxw6MfcI\" data-secret=\"SxIxw6MfcI\" width=\"500\" height=\"282\" frameborder=\"0\" marginwidth=\"0\" marginheight=\"0\" scrolling=\"no\"><\/iframe><\/p>\n","protected":false},"excerpt":{"rendered":"<p>Avui hem realitzat la sortida del projecte &#8220;CONSUM RESPONSABLE I ENERGIES RENOVABLES&#8221;,\u00a0 al camp d&#8217;aprenentatges CAN SANTOI a Molins de Rei. All\u00e0 hem realitzat un taller que es diu &#8220;El nostre amic el sol&#8221; on els parlen de l&#8217;energia solar. En aquests tallers han treballat&hellip;  <a href=\"https:\/\/agora.xtec.cat\/escolapacocandel\/comunitat-de-grans\/sortida-can-santoi-6e\/\" title=\"Read Sortida Can Santoi-6\u00e8\">Llegeix m\u00e9s\u00bb<\/a><\/p>\n","protected":false},"author":26,"featured_media":5875,"comment_status":"open","ping_status":"closed","sticky":false,"template":"","format":"standard","meta":{"_bbp_topic_count":0,"_bbp_reply_count":0,"_bbp_total_topic_count":0,"_bbp_total_reply_count":0,"_bbp_voice_count":0,"_bbp_anonymous_reply_count":0,"_bbp_topic_count_hidden":0,"_bbp_reply_count_hidden":0,"_bbp_forum_subforum_count":0,"footnotes":""},"categories":[129,146],"tags":[92],"class_list":["post-5873","post","type-post","status-publish","format-standard","has-post-thumbnail","hentry","category-comunitat-de-grans","category-6e","tag-sortides"],"post_mailing_queue_ids":[],"_links":{"self":[{"href":"https:\/\/agora.xtec.cat\/escolapacocandel\/wp-json\/wp\/v2\/posts\/5873","targetHints":{"allow":["GET"]}}],"collection":[{"href":"https:\/\/agora.xtec.cat\/escolapacocandel\/wp-json\/wp\/v2\/posts"}],"about":[{"href":"https:\/\/agora.xtec.cat\/escolapacocandel\/wp-json\/wp\/v2\/types\/post"}],"author":[{"embeddable":true,"href":"https:\/\/agora.xtec.cat\/escolapacocandel\/wp-json\/wp\/v2\/users\/26"}],"replies":[{"embeddable":true,"href":"https:\/\/agora.xtec.cat\/escolapacocandel\/wp-json\/wp\/v2\/comments?post=5873"}],"version-history":[{"count":3,"href":"https:\/\/agora.xtec.cat\/escolapacocandel\/wp-json\/wp\/v2\/posts\/5873\/revisions"}],"predecessor-version":[{"id":5938,"href":"https:\/\/agora.xtec.cat\/escolapacocandel\/wp-json\/wp\/v2\/posts\/5873\/revisions\/5938"}],"wp:featuredmedia":[{"embeddable":true,"href":"https:\/\/agora.xtec.cat\/escolapacocandel\/wp-json\/wp\/v2\/media\/5875"}],"wp:attachment":[{"href":"https:\/\/agora.xtec.cat\/escolapacocandel\/wp-json\/wp\/v2\/media?parent=5873"}],"wp:term":[{"taxonomy":"category","embeddable":true,"href":"https:\/\/agora.xtec.cat\/escolapacocandel\/wp-json\/wp\/v2\/categories?post=5873"},{"taxonomy":"post_tag","embeddable":true,"href":"https:\/\/agora.xtec.cat\/escolapacocandel\/wp-json\/wp\/v2\/tags?post=5873"}],"curies":[{"name":"wp","href":"https:\/\/api.w.org\/{rel}","templated":true}]}}