{"id":5871,"date":"2022-03-03T09:00:23","date_gmt":"2022-03-03T08:00:23","guid":{"rendered":"https:\/\/agora.xtec.cat\/escolapacocandel\/?p=5871"},"modified":"2024-01-31T18:47:05","modified_gmt":"2024-01-31T17:47:05","slug":"els-ambients-a-cicle-mitja","status":"publish","type":"post","link":"https:\/\/agora.xtec.cat\/escolapacocandel\/comunitat-de-mitjans\/els-ambients-a-cicle-mitja\/","title":{"rendered":"Els ambients a Cicle Mitj\u00e0"},"content":{"rendered":"<p><strong>Qu\u00e8 s\u00f3n els ambients?<\/strong><br \/>\nA l&#8217;escola Paco\u00a0Candel, i concretament al Cicle Mitj\u00e0, oferim la possibilitat d&#8217;aprendre a partir de capses d\u2019aprenentatge que donen resposta a les metodologies m\u00e9s innovadores que treballen des d&#8217;una perspectiva basada\u00a0en el fet que\u00a0el\/la protagonista de l&#8217;aprenentatge \u00e9s l&#8217;alumnat, potenciant la seva autonomia, concentraci\u00f3 i autoregulaci\u00f3.<\/p>\n<p><strong>Qu\u00e8 ens aporta realitzar ambients?<\/strong><\/p>\n<ul style=\"list-style-type: disc;\">\n<li>\u00c9s una forma de\u00a0treballar\u00a0molt motivadora per l&#8217;alumnat.<\/li>\n<li>Desenvolupa les intel\u00b7lig\u00e8ncies m\u00faltiples de cada infant.<\/li>\n<li>Permet respectar els ritmes de treball i d&#8217;aprenentatge.<\/li>\n<li>L&#8217;alumnat rep\u00a0una atenci\u00f3\u00a0personalitzada.<\/li>\n<li>Facilita l&#8217;aprenentatge interactiu.<\/li>\n<li>Potencia les relacions entre l&#8217;alumnat del cicle.<\/li>\n<li>Afavoreix l&#8217;autonomia i la presa de decisions.<\/li>\n<li>Fomenta la responsabilitat (autoavaluaci\u00f3 i coavaluaci\u00f3).<\/li>\n<li>Posa a l&#8217;abast de l&#8217;alumnat una gran diversitat de materials i activitats.<\/li>\n<\/ul>\n<p>L&#8217;alumnat pot gaudir de la realitzaci\u00f3 de diferents ambients d&#8217;aprenentatge al llarg de tot el cicle. Dins de cada ambient trobem diferents propostes, que permeten desenvolupar de forma gradual, cooperativa i competencial els aprenentatges.<\/p>\n<p><strong>Els ambients d&#8217;aprenentatge que es duen a terme\u00a0a Cicle Mitj\u00e0 s\u00f3n:<\/strong><br \/>\n&#8211; <em>CANVA \u2013 AMBIENT ART\u00cdSTIC<\/em>. Propostes relacionades amb l&#8217;\u00e0mbit art\u00edstic i que tenen com a objectiu, que l&#8217;alumnat conegui les manifestacions art\u00edstiques properes al seu entorn. T\u00e9 com a\u00a0finalitat\u00a0promoure el desenvolupament de les compet\u00e8ncies perceptives i d&#8217;expressi\u00f3 amb la finalitat que els nens i les nenes puguin comprendre el seu entorn i els mons art\u00edstics i cultures per comunicar-se amb altres llenguatges.<br \/>\n&#8211;\u00a0<em>HEADLINE\u00a0\u2013 AMBIENT LING\u00dc\u00cdSTIC<\/em>. El desenvolupament de l&#8217;\u00e0mbit ling\u00fc\u00edstic esdev\u00e9 un fet molt rellevant en l&#8217;escolaritzaci\u00f3 de l&#8217;alumnat. Poder formar part i ser protagonistes del seu propi aprenentatge a partir de propostes globalitzadores i que permetran expressar la seva comprensi\u00f3 de la realitat amb la utilitzaci\u00f3 del llenguatge no verbal, verbal, oral i escrit amb la possibilitat d&#8217;utilitzar diferents suports audiovisuals i tecnol\u00f2gics.<br \/>\n&#8211;\u00a0<em>PHI\u00a0\u2013 AMBIENT MATEM\u00c0TIC<\/em>. Ambient relacionat amb l&#8217;\u00e0mbit matem\u00e0tic i l&#8217;aprenentatge de les matem\u00e0tiques en la vida real, apropant a l&#8217;alumnat a propostes significatives pel seu dia a dia i que impliquen l&#8217;\u00fas de les matem\u00e0tiques com un coneixement funcional i enriquidor.<br \/>\n&#8211; <em>ATLES \u2013 AMBIENT SOBRE EL MEDI SOCIAL<\/em>. Ambient relacionat amb l&#8217;\u00e0mbit de coneixement del medi, el qual t\u00e9 com a objectiu principal proporcionar a l&#8217;alumnat els coneixements i les eines per ubicar-se en l&#8217;entorn on viu, per aprendre a habitar-lo, a respectar-lo i millorar-lo.<br \/>\n&#8211; <em>ROB\u00d2TICA \u2013 AMBIENT TECNOL\u00d2GIC<\/em>. En aquest ambient, l&#8217;alumnat t\u00e9 com a repte programar a trav\u00e9s d&#8217;una tauleta i amb el programa especialitzat: Lego\u00a0Wedo\u00a02.0 un robot, seguint els passos i comprovant el seu funcionament. D&#8217;aquesta manera podran experimentar, manipular i fer \u00fas de les noves tecnologies.<br \/>\n&#8211; <em>GALILEU \u2013 AMBIENT SOBRE EL MEDI NATURA<\/em>L. Aquest ambient\u00a0proposa\u00a0diferents experiments, que permeten apropar a l&#8217;alumnat a la ci\u00e8ncia i a l&#8217;\u00fas del laboratori com a espai educatiu.<\/p>\n","protected":false},"excerpt":{"rendered":"<p>Qu\u00e8 s\u00f3n els ambients?<br \/>\nA l&#8217;escola Paco\u00a0Candel, i concretament al Cicle Mitj\u00e0, oferim la possibilitat d&#8217;aprendre a partir de capses d\u2019aprenentatge que donen resposta a les metodologies m\u00e9s innovadores que treballen des d&#8217;una perspectiva basada\u00a0en el fet que\u00a0el\/la protagonista de l&#8217;aprenentatge \u00e9s l&#8217;alumnat, potenciant la seva&hellip;  <a href=\"https:\/\/agora.xtec.cat\/escolapacocandel\/comunitat-de-mitjans\/els-ambients-a-cicle-mitja\/\" title=\"Read Els ambients a Cicle Mitj\u00e0\">Llegeix m\u00e9s\u00bb<\/a><\/p>\n","protected":false},"author":18,"featured_media":6003,"comment_status":"open","ping_status":"closed","sticky":false,"template":"","format":"standard","meta":{"_bbp_topic_count":0,"_bbp_reply_count":0,"_bbp_total_topic_count":0,"_bbp_total_reply_count":0,"_bbp_voice_count":0,"_bbp_anonymous_reply_count":0,"_bbp_topic_count_hidden":0,"_bbp_reply_count_hidden":0,"_bbp_forum_subforum_count":0,"footnotes":""},"categories":[129,127,143,141],"tags":[96],"class_list":["post-5871","post","type-post","status-publish","format-standard","has-post-thumbnail","hentry","category-comunitat-de-grans","category-comunitat-de-mitjans","category-4t","category-3r","tag-ambients"],"post_mailing_queue_ids":[],"_links":{"self":[{"href":"https:\/\/agora.xtec.cat\/escolapacocandel\/wp-json\/wp\/v2\/posts\/5871","targetHints":{"allow":["GET"]}}],"collection":[{"href":"https:\/\/agora.xtec.cat\/escolapacocandel\/wp-json\/wp\/v2\/posts"}],"about":[{"href":"https:\/\/agora.xtec.cat\/escolapacocandel\/wp-json\/wp\/v2\/types\/post"}],"author":[{"embeddable":true,"href":"https:\/\/agora.xtec.cat\/escolapacocandel\/wp-json\/wp\/v2\/users\/18"}],"replies":[{"embeddable":true,"href":"https:\/\/agora.xtec.cat\/escolapacocandel\/wp-json\/wp\/v2\/comments?post=5871"}],"version-history":[{"count":1,"href":"https:\/\/agora.xtec.cat\/escolapacocandel\/wp-json\/wp\/v2\/posts\/5871\/revisions"}],"predecessor-version":[{"id":5872,"href":"https:\/\/agora.xtec.cat\/escolapacocandel\/wp-json\/wp\/v2\/posts\/5871\/revisions\/5872"}],"wp:featuredmedia":[{"embeddable":true,"href":"https:\/\/agora.xtec.cat\/escolapacocandel\/wp-json\/wp\/v2\/media\/6003"}],"wp:attachment":[{"href":"https:\/\/agora.xtec.cat\/escolapacocandel\/wp-json\/wp\/v2\/media?parent=5871"}],"wp:term":[{"taxonomy":"category","embeddable":true,"href":"https:\/\/agora.xtec.cat\/escolapacocandel\/wp-json\/wp\/v2\/categories?post=5871"},{"taxonomy":"post_tag","embeddable":true,"href":"https:\/\/agora.xtec.cat\/escolapacocandel\/wp-json\/wp\/v2\/tags?post=5871"}],"curies":[{"name":"wp","href":"https:\/\/api.w.org\/{rel}","templated":true}]}}