{"id":5836,"date":"2022-02-11T11:55:50","date_gmt":"2022-02-11T10:55:50","guid":{"rendered":"https:\/\/agora.xtec.cat\/escolapacocandel\/?p=5836"},"modified":"2024-01-31T18:56:06","modified_gmt":"2024-01-31T17:56:06","slug":"sortida-5e-museu-dhistoria-de-catalunya","status":"publish","type":"post","link":"https:\/\/agora.xtec.cat\/escolapacocandel\/comunitat-de-grans\/sortida-5e-museu-dhistoria-de-catalunya\/","title":{"rendered":"Sortida 5\u00e8 &#8211; Museu d&#8217;Hist\u00f2ria de Catalunya"},"content":{"rendered":"<p>Al dimarts dia 8 de febrer, les dues classes de 5\u00e8 vam marxar de sortida del projecte d&#8217;hist\u00f2ria. La nostra primera parada va ser el parc de la Ciutadella per esmorzar i despr\u00e9s, vam fer una ruta pel Mercat del Born i el barri g\u00f2tic, fins arribar al museu d&#8217;hist\u00f2ria de Catalunya.<\/p>\n<p>El recorregut de l&#8217;activitat <em>&#8220;Habitatge i vida quotidiana al llarg del temps&#8221;<\/em> ofereix una visi\u00f3 transversal de la hist\u00f2ria visitant les dues plantes dedicades a l\u2019exposici\u00f3 permanent. A trav\u00e9s de la vida quotidiana i dels habitatges, els i les alumnes fan una passejada per tota la hist\u00f2ria, des de l\u2019antiguitat fins a l\u2019actualitat.<\/p>\n<p>Acompanyat d\u2019un carro ple d\u2019objectes i indument\u00e0ria, la educadora proporciona el material i les claus necess\u00e0ries per tal que els i les alumnes adquireixin coneixements. D\u2019aquesta manera, en cadascuna de les parades, es vesteixen i s\u2019entrega un objecte de vida quotidiana.<\/p>\n<p>Despr\u00e9s de sortir del museu, vam marxar a la platja de la Barceloneta a dinar i gaudir de l&#8217;aire lliure i del bon temps.<\/p>\n<p>Aqu\u00ed teniu les fotos de la sortida:<\/p>\n<blockquote class=\"wp-embedded-content\" data-secret=\"c2LjXVeqBv\"><p><a href=\"https:\/\/agora.xtec.cat\/escolapacocandel\/fotos-privat\/fotos-museu-dhistoria-de-catalunya-5e\/\">Protegit: Fotos Museu d&#8217;Hist\u00f2ria de Catalunya 5\u00e8<\/a><\/p><\/blockquote>\n<p><iframe loading=\"lazy\" class=\"wp-embedded-content\" sandbox=\"allow-scripts\" security=\"restricted\" style=\"position: absolute; clip: rect(1px, 1px, 1px, 1px);\" title=\"&#8220;Protegit: Fotos Museu d&#8217;Hist\u00f2ria de Catalunya 5\u00e8&#8221; &#8212; Escola Paco Candel\" src=\"https:\/\/agora.xtec.cat\/escolapacocandel\/fotos-privat\/fotos-museu-dhistoria-de-catalunya-5e\/embed\/#?secret=VVYqP9OaON#?secret=c2LjXVeqBv\" data-secret=\"c2LjXVeqBv\" width=\"500\" height=\"282\" frameborder=\"0\" marginwidth=\"0\" marginheight=\"0\" scrolling=\"no\"><\/iframe><\/p>\n","protected":false},"excerpt":{"rendered":"<p>Al dimarts dia 8 de febrer, les dues classes de 5\u00e8 vam marxar de sortida del projecte d&#8217;hist\u00f2ria. La nostra primera parada va ser el parc de la Ciutadella per esmorzar i despr\u00e9s, vam fer una ruta pel Mercat del Born i el barri g\u00f2tic,&hellip;  <a href=\"https:\/\/agora.xtec.cat\/escolapacocandel\/comunitat-de-grans\/sortida-5e-museu-dhistoria-de-catalunya\/\" title=\"Read Sortida 5\u00e8 &#8211; Museu d&#8217;Hist\u00f2ria de Catalunya\">Llegeix m\u00e9s\u00bb<\/a><\/p>\n","protected":false},"author":20,"featured_media":5837,"comment_status":"open","ping_status":"closed","sticky":false,"template":"","format":"standard","meta":{"_bbp_topic_count":0,"_bbp_reply_count":0,"_bbp_total_topic_count":0,"_bbp_total_reply_count":0,"_bbp_voice_count":0,"_bbp_anonymous_reply_count":0,"_bbp_topic_count_hidden":0,"_bbp_reply_count_hidden":0,"_bbp_forum_subforum_count":0,"footnotes":""},"categories":[144,129],"tags":[115,99],"class_list":["post-5836","post","type-post","status-publish","format-standard","has-post-thumbnail","hentry","category-5e","category-comunitat-de-grans","tag-historia","tag-projecte"],"post_mailing_queue_ids":[],"_links":{"self":[{"href":"https:\/\/agora.xtec.cat\/escolapacocandel\/wp-json\/wp\/v2\/posts\/5836","targetHints":{"allow":["GET"]}}],"collection":[{"href":"https:\/\/agora.xtec.cat\/escolapacocandel\/wp-json\/wp\/v2\/posts"}],"about":[{"href":"https:\/\/agora.xtec.cat\/escolapacocandel\/wp-json\/wp\/v2\/types\/post"}],"author":[{"embeddable":true,"href":"https:\/\/agora.xtec.cat\/escolapacocandel\/wp-json\/wp\/v2\/users\/20"}],"replies":[{"embeddable":true,"href":"https:\/\/agora.xtec.cat\/escolapacocandel\/wp-json\/wp\/v2\/comments?post=5836"}],"version-history":[{"count":1,"href":"https:\/\/agora.xtec.cat\/escolapacocandel\/wp-json\/wp\/v2\/posts\/5836\/revisions"}],"predecessor-version":[{"id":5838,"href":"https:\/\/agora.xtec.cat\/escolapacocandel\/wp-json\/wp\/v2\/posts\/5836\/revisions\/5838"}],"wp:featuredmedia":[{"embeddable":true,"href":"https:\/\/agora.xtec.cat\/escolapacocandel\/wp-json\/wp\/v2\/media\/5837"}],"wp:attachment":[{"href":"https:\/\/agora.xtec.cat\/escolapacocandel\/wp-json\/wp\/v2\/media?parent=5836"}],"wp:term":[{"taxonomy":"category","embeddable":true,"href":"https:\/\/agora.xtec.cat\/escolapacocandel\/wp-json\/wp\/v2\/categories?post=5836"},{"taxonomy":"post_tag","embeddable":true,"href":"https:\/\/agora.xtec.cat\/escolapacocandel\/wp-json\/wp\/v2\/tags?post=5836"}],"curies":[{"name":"wp","href":"https:\/\/api.w.org\/{rel}","templated":true}]}}