{"id":5818,"date":"2022-02-10T11:05:36","date_gmt":"2022-02-10T10:05:36","guid":{"rendered":"https:\/\/agora.xtec.cat\/escolapacocandel\/?p=5818"},"modified":"2024-01-31T18:49:23","modified_gmt":"2024-01-31T17:49:23","slug":"sortida-projecte-human-bodies","status":"publish","type":"post","link":"https:\/\/agora.xtec.cat\/escolapacocandel\/comunitat-de-mitjans\/sortida-projecte-human-bodies\/","title":{"rendered":"Sortida projecte &#8211; Human Bodies"},"content":{"rendered":"<p>Ahir dimecres 9 de febrer, les nenes i els nens de 3r van poder gaudir de l&#8217;exposici\u00f3 Human Bodies a la ciutat de Barcelona. Vam anar en transport p\u00fablic i seguint la ruta que l&#8217;alumnat havia preparat amb anterioritat a l&#8217;aula en treball cooperatiu amb el seu equip de projecte.<\/p>\n<p>Amb aquesta exposici\u00f3, l&#8217;alumnat va poder fer un viatge educatiu descobrint tot el que el nostre cos amaga i aix\u00ed seguir engrescant-se amb el projecte d&#8217;aquest segon trimestre. Van poder anar passejant amb una audioguia individual per totes les sales de l&#8217;exposici\u00f3, fet que els hi donava molta autonomia i els feia sentir molt grans!<\/p>\n<p>Despr\u00e9s vam aprofitar el dia assolellat per con\u00e8ixer i gaudir d&#8217;una estona de lleure al Parc de l&#8217;escorxador, situat al costat de l&#8217;exposici\u00f3.<\/p>\n<p>&nbsp;<\/p>\n<blockquote class=\"wp-embedded-content\" data-secret=\"GJQVvPL5Et\"><p><a href=\"https:\/\/agora.xtec.cat\/escolapacocandel\/fotos-privat\/sortida-human-bodies\/\">Protegit: Sortida: HUMAN BODIES<\/a><\/p><\/blockquote>\n<p><iframe loading=\"lazy\" class=\"wp-embedded-content\" sandbox=\"allow-scripts\" security=\"restricted\" style=\"position: absolute; clip: rect(1px, 1px, 1px, 1px);\" title=\"&#8220;Protegit: Sortida: HUMAN BODIES&#8221; &#8212; Escola Paco Candel\" src=\"https:\/\/agora.xtec.cat\/escolapacocandel\/fotos-privat\/sortida-human-bodies\/embed\/#?secret=8UYJEu9GWm#?secret=GJQVvPL5Et\" data-secret=\"GJQVvPL5Et\" width=\"500\" height=\"282\" frameborder=\"0\" marginwidth=\"0\" marginheight=\"0\" scrolling=\"no\"><\/iframe><\/p>\n","protected":false},"excerpt":{"rendered":"<p>Ahir dimecres 9 de febrer, les nenes i els nens de 3r van poder gaudir de l&#8217;exposici\u00f3 Human Bodies a la ciutat de Barcelona. Vam anar en transport p\u00fablic i seguint la ruta que l&#8217;alumnat havia preparat amb anterioritat a l&#8217;aula en treball cooperatiu amb&hellip;  <a href=\"https:\/\/agora.xtec.cat\/escolapacocandel\/comunitat-de-mitjans\/sortida-projecte-human-bodies\/\" title=\"Read Sortida projecte &#8211; Human Bodies\">Llegeix m\u00e9s\u00bb<\/a><\/p>\n","protected":false},"author":18,"featured_media":5820,"comment_status":"open","ping_status":"closed","sticky":false,"template":"","format":"standard","meta":{"_bbp_topic_count":0,"_bbp_reply_count":0,"_bbp_total_topic_count":0,"_bbp_total_reply_count":0,"_bbp_voice_count":0,"_bbp_anonymous_reply_count":0,"_bbp_topic_count_hidden":0,"_bbp_reply_count_hidden":0,"_bbp_forum_subforum_count":0,"footnotes":""},"categories":[127,141],"tags":[116,99],"class_list":["post-5818","post","type-post","status-publish","format-standard","has-post-thumbnail","hentry","category-comunitat-de-mitjans","category-3r","tag-cos-huma","tag-projecte"],"post_mailing_queue_ids":[],"_links":{"self":[{"href":"https:\/\/agora.xtec.cat\/escolapacocandel\/wp-json\/wp\/v2\/posts\/5818","targetHints":{"allow":["GET"]}}],"collection":[{"href":"https:\/\/agora.xtec.cat\/escolapacocandel\/wp-json\/wp\/v2\/posts"}],"about":[{"href":"https:\/\/agora.xtec.cat\/escolapacocandel\/wp-json\/wp\/v2\/types\/post"}],"author":[{"embeddable":true,"href":"https:\/\/agora.xtec.cat\/escolapacocandel\/wp-json\/wp\/v2\/users\/18"}],"replies":[{"embeddable":true,"href":"https:\/\/agora.xtec.cat\/escolapacocandel\/wp-json\/wp\/v2\/comments?post=5818"}],"version-history":[{"count":1,"href":"https:\/\/agora.xtec.cat\/escolapacocandel\/wp-json\/wp\/v2\/posts\/5818\/revisions"}],"predecessor-version":[{"id":5822,"href":"https:\/\/agora.xtec.cat\/escolapacocandel\/wp-json\/wp\/v2\/posts\/5818\/revisions\/5822"}],"wp:featuredmedia":[{"embeddable":true,"href":"https:\/\/agora.xtec.cat\/escolapacocandel\/wp-json\/wp\/v2\/media\/5820"}],"wp:attachment":[{"href":"https:\/\/agora.xtec.cat\/escolapacocandel\/wp-json\/wp\/v2\/media?parent=5818"}],"wp:term":[{"taxonomy":"category","embeddable":true,"href":"https:\/\/agora.xtec.cat\/escolapacocandel\/wp-json\/wp\/v2\/categories?post=5818"},{"taxonomy":"post_tag","embeddable":true,"href":"https:\/\/agora.xtec.cat\/escolapacocandel\/wp-json\/wp\/v2\/tags?post=5818"}],"curies":[{"name":"wp","href":"https:\/\/api.w.org\/{rel}","templated":true}]}}