{"id":5775,"date":"2022-02-03T13:42:53","date_gmt":"2022-02-03T12:42:53","guid":{"rendered":"https:\/\/agora.xtec.cat\/escolapacocandel\/?p=5775"},"modified":"2024-01-31T18:56:16","modified_gmt":"2024-01-31T17:56:16","slug":"fermat","status":"publish","type":"post","link":"https:\/\/agora.xtec.cat\/escolapacocandel\/comunitat-de-grans\/fermat\/","title":{"rendered":"FERMAT"},"content":{"rendered":"<p>FERMAT \u00e9s un dels ambients que desenvolupem al Cicle Superior, on es treballa l&#8217;\u00e0mbit matem\u00e0tic mitjan\u00e7ant capses d&#8217;aprenentatge que recullin conceptes i continguts matem\u00e0tics.<\/p>\n<p>Seguint la l\u00ednia de la nostra escola, treballem per l\u2019adquisici\u00f3 de les compet\u00e8ncies matem\u00e0tiques amb diferents maneres de treballar. El docent, dins dels ambients, ha de provocar curiositat i proposar reptes a les tasques, a m\u00e9s de donar prou temps per investigar i reflexionar. Ha d\u2019encoratjar l\u2019alumne\/a a construir els seus aprenentatges i ajudar-lo a prendre consci\u00e8ncia del seu progr\u00e9s. Aix\u00f2 s\u2019ha de fer en un ambient de classe que afavoreixi l\u2019intercanvi d\u2019idees i que animi a la reflexi\u00f3, on l\u2019alumnat no tingui por d\u2019arriscar-se a fer propostes i exposar la seva manera de pensar (treballem amb l&#8217;assaig &#8211; error). Tamb\u00e9 destaquem, l\u2019acceptaci\u00f3 de qu\u00e8 tothom pot fer contribucions interessants i el respecte a les intervencions dels altres.<\/p>\n<p>Tot aix\u00f2, contribuir\u00e0 que l\u2019alumne\/a desenvolupi actituds com ara el plaer de comprendre les matem\u00e0tiques, de considerar-les una construcci\u00f3 personal i d\u2019aplicar-les en la seva vida quotidiana. Considerar els errors com a font d\u2019informaci\u00f3, les situacions problem\u00e0tiques com a reptes engrescadors i el llenguatge matem\u00e0tic com una eina potent de comunicaci\u00f3.<\/p>\n<p>Per poder assolir tots aquests aspectes, l&#8217;alumne\/a pot escollir les capses d&#8217;aprenentatge que vol fer, per potenciar els seus interessos. Aquestes capses i la de la resta d&#8217;ambients, es treballen al llarg de dues setmanes en grup.<\/p>\n<p>Dins de FERMAT, trobarem material base en totes les capses, les quals s\u00f3n: cap\u00e7alera informativa de l&#8217;ambient, dossier de tasques, r\u00fabrica d&#8217;autoavaluaci\u00f3 i feina final o de consolidaci\u00f3 dels coneixements. I depenent de les capses, material manipulatiu i tauletes o ordinadors per desenvolupar la feina.<\/p>\n<p>Aqu\u00ed us deixem un petit tastet d&#8217;imatges on es realitza aquest ambient tan divertit!<\/p>\n\n\t\t<style type=\"text\/css\">\n\t\t\t#gallery-1 {\n\t\t\t\tmargin: auto;\n\t\t\t}\n\t\t\t#gallery-1 .gallery-item {\n\t\t\t\tfloat: left;\n\t\t\t\tmargin-top: 10px;\n\t\t\t\ttext-align: center;\n\t\t\t\twidth: 50%;\n\t\t\t}\n\t\t\t#gallery-1 img {\n\t\t\t\tborder: 2px solid #cfcfcf;\n\t\t\t}\n\t\t\t#gallery-1 .gallery-caption {\n\t\t\t\tmargin-left: 0;\n\t\t\t}\n\t\t\t\/* see gallery_shortcode() in wp-includes\/media.php *\/\n\t\t<\/style>\n\t\t<div id='gallery-1' class='gallery galleryid-5775 gallery-columns-2 gallery-size-large'><dl class='gallery-item'>\n\t\t\t<dt class='gallery-icon landscape'>\n\t\t\t\t<a href='https:\/\/agora.xtec.cat\/escolapacocandel\/comunitat-de-grans\/fermat\/attachment\/3fe02594-77c8-45d5-94bc-bc6f9a43e067\/'><img loading=\"lazy\" decoding=\"async\" width=\"1024\" height=\"768\" src=\"https:\/\/agora.xtec.cat\/escolapacocandel\/wp-content\/uploads\/usu332\/2022\/02\/3fe02594-77c8-45d5-94bc-bc6f9a43e067-1024x768.jpg\" class=\"attachment-large size-large\" alt=\"\" aria-describedby=\"gallery-1-5778\" srcset=\"https:\/\/agora.xtec.cat\/escolapacocandel\/wp-content\/uploads\/usu332\/2022\/02\/3fe02594-77c8-45d5-94bc-bc6f9a43e067-1024x768.jpg 1024w, https:\/\/agora.xtec.cat\/escolapacocandel\/wp-content\/uploads\/usu332\/2022\/02\/3fe02594-77c8-45d5-94bc-bc6f9a43e067-300x225.jpg 300w, https:\/\/agora.xtec.cat\/escolapacocandel\/wp-content\/uploads\/usu332\/2022\/02\/3fe02594-77c8-45d5-94bc-bc6f9a43e067-768x576.jpg 768w, https:\/\/agora.xtec.cat\/escolapacocandel\/wp-content\/uploads\/usu332\/2022\/02\/3fe02594-77c8-45d5-94bc-bc6f9a43e067-1536x1152.jpg 1536w, https:\/\/agora.xtec.cat\/escolapacocandel\/wp-content\/uploads\/usu332\/2022\/02\/3fe02594-77c8-45d5-94bc-bc6f9a43e067-200x150.jpg 200w, https:\/\/agora.xtec.cat\/escolapacocandel\/wp-content\/uploads\/usu332\/2022\/02\/3fe02594-77c8-45d5-94bc-bc6f9a43e067.jpg 2000w\" sizes=\"auto, (max-width: 1024px) 100vw, 1024px\" \/><\/a>\n\t\t\t<\/dt>\n\t\t\t\t<dd class='wp-caption-text gallery-caption' id='gallery-1-5778'>\n\t\t\t\tFERMAT\n\t\t\t\t<\/dd><\/dl><dl class='gallery-item'>\n\t\t\t<dt class='gallery-icon landscape'>\n\t\t\t\t<a href='https:\/\/agora.xtec.cat\/escolapacocandel\/comunitat-de-grans\/fermat\/attachment\/capturaa\/'><img loading=\"lazy\" decoding=\"async\" width=\"1024\" height=\"769\" src=\"https:\/\/agora.xtec.cat\/escolapacocandel\/wp-content\/uploads\/usu332\/2022\/02\/Capturaa-1024x769.png\" class=\"attachment-large size-large\" alt=\"\" aria-describedby=\"gallery-1-5785\" srcset=\"https:\/\/agora.xtec.cat\/escolapacocandel\/wp-content\/uploads\/usu332\/2022\/02\/Capturaa-1024x769.png 1024w, https:\/\/agora.xtec.cat\/escolapacocandel\/wp-content\/uploads\/usu332\/2022\/02\/Capturaa-300x225.png 300w, https:\/\/agora.xtec.cat\/escolapacocandel\/wp-content\/uploads\/usu332\/2022\/02\/Capturaa-768x577.png 768w, https:\/\/agora.xtec.cat\/escolapacocandel\/wp-content\/uploads\/usu332\/2022\/02\/Capturaa-200x150.png 200w, https:\/\/agora.xtec.cat\/escolapacocandel\/wp-content\/uploads\/usu332\/2022\/02\/Capturaa.png 1118w\" sizes=\"auto, (max-width: 1024px) 100vw, 1024px\" \/><\/a>\n\t\t\t<\/dt>\n\t\t\t\t<dd class='wp-caption-text gallery-caption' id='gallery-1-5785'>\n\t\t\t\tFERMAT\n\t\t\t\t<\/dd><\/dl><br style=\"clear: both\" \/><dl class='gallery-item'>\n\t\t\t<dt class='gallery-icon portrait'>\n\t\t\t\t<a href='https:\/\/agora.xtec.cat\/escolapacocandel\/comunitat-de-grans\/fermat\/attachment\/whatsapp-image-2021-11-22-at-10-07-00\/'><img loading=\"lazy\" decoding=\"async\" width=\"768\" height=\"1024\" src=\"https:\/\/agora.xtec.cat\/escolapacocandel\/wp-content\/uploads\/usu332\/2022\/02\/WhatsApp-Image-2021-11-22-at-10.07.00.jpeg\" class=\"attachment-large size-large\" alt=\"\" aria-describedby=\"gallery-1-5784\" srcset=\"https:\/\/agora.xtec.cat\/escolapacocandel\/wp-content\/uploads\/usu332\/2022\/02\/WhatsApp-Image-2021-11-22-at-10.07.00.jpeg 768w, https:\/\/agora.xtec.cat\/escolapacocandel\/wp-content\/uploads\/usu332\/2022\/02\/WhatsApp-Image-2021-11-22-at-10.07.00-225x300.jpeg 225w\" sizes=\"auto, (max-width: 768px) 100vw, 768px\" \/><\/a>\n\t\t\t<\/dt>\n\t\t\t\t<dd class='wp-caption-text gallery-caption' id='gallery-1-5784'>\n\t\t\t\tFERMAT\n\t\t\t\t<\/dd><\/dl><dl class='gallery-item'>\n\t\t\t<dt class='gallery-icon portrait'>\n\t\t\t\t<a href='https:\/\/agora.xtec.cat\/escolapacocandel\/comunitat-de-grans\/fermat\/attachment\/captura-8\/'><img loading=\"lazy\" decoding=\"async\" width=\"518\" height=\"688\" src=\"https:\/\/agora.xtec.cat\/escolapacocandel\/wp-content\/uploads\/usu332\/2022\/02\/Captura.png\" class=\"attachment-large size-large\" alt=\"\" aria-describedby=\"gallery-1-5786\" srcset=\"https:\/\/agora.xtec.cat\/escolapacocandel\/wp-content\/uploads\/usu332\/2022\/02\/Captura.png 518w, https:\/\/agora.xtec.cat\/escolapacocandel\/wp-content\/uploads\/usu332\/2022\/02\/Captura-226x300.png 226w\" sizes=\"auto, (max-width: 518px) 100vw, 518px\" \/><\/a>\n\t\t\t<\/dt>\n\t\t\t\t<dd class='wp-caption-text gallery-caption' id='gallery-1-5786'>\n\t\t\t\tFERMAT\n\t\t\t\t<\/dd><\/dl><br style=\"clear: both\" \/><dl class='gallery-item'>\n\t\t\t<dt class='gallery-icon portrait'>\n\t\t\t\t<a href='https:\/\/agora.xtec.cat\/escolapacocandel\/comunitat-de-grans\/fermat\/attachment\/capturat\/'><img loading=\"lazy\" decoding=\"async\" width=\"517\" height=\"695\" src=\"https:\/\/agora.xtec.cat\/escolapacocandel\/wp-content\/uploads\/usu332\/2022\/02\/Capturat.png\" class=\"attachment-large size-large\" alt=\"\" aria-describedby=\"gallery-1-5787\" srcset=\"https:\/\/agora.xtec.cat\/escolapacocandel\/wp-content\/uploads\/usu332\/2022\/02\/Capturat.png 517w, https:\/\/agora.xtec.cat\/escolapacocandel\/wp-content\/uploads\/usu332\/2022\/02\/Capturat-223x300.png 223w\" sizes=\"auto, (max-width: 517px) 100vw, 517px\" \/><\/a>\n\t\t\t<\/dt>\n\t\t\t\t<dd class='wp-caption-text gallery-caption' id='gallery-1-5787'>\n\t\t\t\tFERMAT\n\t\t\t\t<\/dd><\/dl><dl class='gallery-item'>\n\t\t\t<dt class='gallery-icon portrait'>\n\t\t\t\t<a href='https:\/\/agora.xtec.cat\/escolapacocandel\/comunitat-de-grans\/fermat\/attachment\/jhg\/'><img loading=\"lazy\" decoding=\"async\" width=\"503\" height=\"674\" src=\"https:\/\/agora.xtec.cat\/escolapacocandel\/wp-content\/uploads\/usu332\/2022\/02\/jhg.png\" class=\"attachment-large size-large\" alt=\"\" aria-describedby=\"gallery-1-5790\" srcset=\"https:\/\/agora.xtec.cat\/escolapacocandel\/wp-content\/uploads\/usu332\/2022\/02\/jhg.png 503w, https:\/\/agora.xtec.cat\/escolapacocandel\/wp-content\/uploads\/usu332\/2022\/02\/jhg-224x300.png 224w\" sizes=\"auto, (max-width: 503px) 100vw, 503px\" \/><\/a>\n\t\t\t<\/dt>\n\t\t\t\t<dd class='wp-caption-text gallery-caption' id='gallery-1-5790'>\n\t\t\t\tFERMAT\n\t\t\t\t<\/dd><\/dl><br style=\"clear: both\" \/><dl class='gallery-item'>\n\t\t\t<dt class='gallery-icon portrait'>\n\t\t\t\t<a href='https:\/\/agora.xtec.cat\/escolapacocandel\/comunitat-de-grans\/fermat\/attachment\/tds\/'><img loading=\"lazy\" decoding=\"async\" width=\"519\" height=\"693\" src=\"https:\/\/agora.xtec.cat\/escolapacocandel\/wp-content\/uploads\/usu332\/2022\/02\/tds.png\" class=\"attachment-large size-large\" alt=\"\" aria-describedby=\"gallery-1-5792\" srcset=\"https:\/\/agora.xtec.cat\/escolapacocandel\/wp-content\/uploads\/usu332\/2022\/02\/tds.png 519w, https:\/\/agora.xtec.cat\/escolapacocandel\/wp-content\/uploads\/usu332\/2022\/02\/tds-225x300.png 225w\" sizes=\"auto, (max-width: 519px) 100vw, 519px\" \/><\/a>\n\t\t\t<\/dt>\n\t\t\t\t<dd class='wp-caption-text gallery-caption' id='gallery-1-5792'>\n\t\t\t\tFERMAT\n\t\t\t\t<\/dd><\/dl><dl class='gallery-item'>\n\t\t\t<dt class='gallery-icon portrait'>\n\t\t\t\t<a href='https:\/\/agora.xtec.cat\/escolapacocandel\/comunitat-de-grans\/fermat\/attachment\/sd\/'><img loading=\"lazy\" decoding=\"async\" width=\"517\" height=\"690\" src=\"https:\/\/agora.xtec.cat\/escolapacocandel\/wp-content\/uploads\/usu332\/2022\/02\/sd.png\" class=\"attachment-large size-large\" alt=\"\" aria-describedby=\"gallery-1-5794\" srcset=\"https:\/\/agora.xtec.cat\/escolapacocandel\/wp-content\/uploads\/usu332\/2022\/02\/sd.png 517w, https:\/\/agora.xtec.cat\/escolapacocandel\/wp-content\/uploads\/usu332\/2022\/02\/sd-225x300.png 225w\" sizes=\"auto, (max-width: 517px) 100vw, 517px\" \/><\/a>\n\t\t\t<\/dt>\n\t\t\t\t<dd class='wp-caption-text gallery-caption' id='gallery-1-5794'>\n\t\t\t\tFERMAT\n\t\t\t\t<\/dd><\/dl><br style=\"clear: both\" \/>\n\t\t<\/div>\n\n<p>&nbsp;<\/p>\n<p>&nbsp;<\/p>\n","protected":false},"excerpt":{"rendered":"<p>FERMAT \u00e9s un dels ambients que desenvolupem al Cicle Superior, on es treballa l&#8217;\u00e0mbit matem\u00e0tic mitjan\u00e7ant capses d&#8217;aprenentatge que recullin conceptes i continguts matem\u00e0tics.<br \/>\nSeguint la l\u00ednia de la nostra escola, treballem per l\u2019adquisici\u00f3 de les compet\u00e8ncies matem\u00e0tiques amb diferents maneres de treballar. El docent, dins&hellip;  <a href=\"https:\/\/agora.xtec.cat\/escolapacocandel\/comunitat-de-grans\/fermat\/\" title=\"Read FERMAT\">Llegeix m\u00e9s\u00bb<\/a><\/p>\n","protected":false},"author":20,"featured_media":5793,"comment_status":"open","ping_status":"closed","sticky":false,"template":"","format":"standard","meta":{"_bbp_topic_count":0,"_bbp_reply_count":0,"_bbp_total_topic_count":0,"_bbp_total_reply_count":0,"_bbp_voice_count":0,"_bbp_anonymous_reply_count":0,"_bbp_topic_count_hidden":0,"_bbp_reply_count_hidden":0,"_bbp_forum_subforum_count":0,"footnotes":""},"categories":[144,129,146],"tags":[],"class_list":["post-5775","post","type-post","status-publish","format-standard","has-post-thumbnail","hentry","category-5e","category-comunitat-de-grans","category-6e"],"post_mailing_queue_ids":[],"_links":{"self":[{"href":"https:\/\/agora.xtec.cat\/escolapacocandel\/wp-json\/wp\/v2\/posts\/5775","targetHints":{"allow":["GET"]}}],"collection":[{"href":"https:\/\/agora.xtec.cat\/escolapacocandel\/wp-json\/wp\/v2\/posts"}],"about":[{"href":"https:\/\/agora.xtec.cat\/escolapacocandel\/wp-json\/wp\/v2\/types\/post"}],"author":[{"embeddable":true,"href":"https:\/\/agora.xtec.cat\/escolapacocandel\/wp-json\/wp\/v2\/users\/20"}],"replies":[{"embeddable":true,"href":"https:\/\/agora.xtec.cat\/escolapacocandel\/wp-json\/wp\/v2\/comments?post=5775"}],"version-history":[{"count":1,"href":"https:\/\/agora.xtec.cat\/escolapacocandel\/wp-json\/wp\/v2\/posts\/5775\/revisions"}],"predecessor-version":[{"id":5797,"href":"https:\/\/agora.xtec.cat\/escolapacocandel\/wp-json\/wp\/v2\/posts\/5775\/revisions\/5797"}],"wp:featuredmedia":[{"embeddable":true,"href":"https:\/\/agora.xtec.cat\/escolapacocandel\/wp-json\/wp\/v2\/media\/5793"}],"wp:attachment":[{"href":"https:\/\/agora.xtec.cat\/escolapacocandel\/wp-json\/wp\/v2\/media?parent=5775"}],"wp:term":[{"taxonomy":"category","embeddable":true,"href":"https:\/\/agora.xtec.cat\/escolapacocandel\/wp-json\/wp\/v2\/categories?post=5775"},{"taxonomy":"post_tag","embeddable":true,"href":"https:\/\/agora.xtec.cat\/escolapacocandel\/wp-json\/wp\/v2\/tags?post=5775"}],"curies":[{"name":"wp","href":"https:\/\/api.w.org\/{rel}","templated":true}]}}