{"id":5773,"date":"2022-02-03T13:42:47","date_gmt":"2022-02-03T12:42:47","guid":{"rendered":"https:\/\/agora.xtec.cat\/escolapacocandel\/?p=5773"},"modified":"2024-01-31T18:10:20","modified_gmt":"2024-01-31T17:10:20","slug":"espectacle-de-llum-i-ombres-24-1-2022","status":"publish","type":"post","link":"https:\/\/agora.xtec.cat\/escolapacocandel\/comunitat-de-petits\/espectacle-de-llum-i-ombres-24-1-2022\/","title":{"rendered":"Espectacle de llum i ombres 24\/1\/2022."},"content":{"rendered":"<p>MANS, un espectacle ple de llum que estimula els sentits i la imaginaci\u00f3.\u00a0 <a href=\"https:\/\/agora.xtec.cat\/escolapacocandel\/wp-content\/uploads\/usu332\/2022\/02\/mans.png\"><img loading=\"lazy\" decoding=\"async\" class=\"wp-image-5795 alignright\" src=\"https:\/\/agora.xtec.cat\/escolapacocandel\/wp-content\/uploads\/usu332\/2022\/02\/mans.png\" alt=\"\" width=\"432\" height=\"311\" srcset=\"https:\/\/agora.xtec.cat\/escolapacocandel\/wp-content\/uploads\/usu332\/2022\/02\/mans.png 925w, https:\/\/agora.xtec.cat\/escolapacocandel\/wp-content\/uploads\/usu332\/2022\/02\/mans-300x216.png 300w, https:\/\/agora.xtec.cat\/escolapacocandel\/wp-content\/uploads\/usu332\/2022\/02\/mans-768x553.png 768w\" sizes=\"auto, (max-width: 432px) 100vw, 432px\" \/><\/a><\/p>\n<p>MANS convida a fer un viatge a mons reals i mons fant\u00e0stics. A somiar, a pensar, a escoltar, a riure&#8230; I aix\u00ed es van sentir els infants d&#8217;infantil veient aquest espectacle on tamb\u00e9 van descobrir diferents propietats del color i la llum. Van veure molts elements que ja van tenir a l&#8217;espai de llum, com el retroprojector, on la Nona posava l\u00edquids de colors (colorant, oli&#8230;) i es projectaven a la paret.<\/p>\n<p>&#8220;Les mans ens donen la llibertat de crear les nostres pr\u00f2pies realitats&#8221;.<\/p>\n<p><a href=\"https:\/\/agora.xtec.cat\/escolapacocandel\/wp-content\/uploads\/usu332\/2022\/02\/liquids.png\"><img loading=\"lazy\" decoding=\"async\" class=\"alignnone  wp-image-5791\" src=\"https:\/\/agora.xtec.cat\/escolapacocandel\/wp-content\/uploads\/usu332\/2022\/02\/liquids.png\" alt=\"\" width=\"436\" height=\"259\" srcset=\"https:\/\/agora.xtec.cat\/escolapacocandel\/wp-content\/uploads\/usu332\/2022\/02\/liquids.png 505w, https:\/\/agora.xtec.cat\/escolapacocandel\/wp-content\/uploads\/usu332\/2022\/02\/liquids-300x178.png 300w\" sizes=\"auto, (max-width: 436px) 100vw, 436px\" \/><\/a><\/p>\n<p>M\u00e9s fotos: <a href=\"https:\/\/agora.xtec.cat\/escolapacocandel\/blog-deducacio-infantil\/espectacle-llum-i-ombres\/\">https:\/\/agora.xtec.cat\/escolapacocandel\/blog-deducacio-infantil\/espectacle-llum-i-ombres\/<\/a><\/p>\n","protected":false},"excerpt":{"rendered":"<p>MANS, un espectacle ple de llum que estimula els sentits i la imaginaci\u00f3.\u00a0 <a href=\"https:\/\/agora.xtec.cat\/escolapacocandel\/wp-content\/uploads\/usu332\/2022\/02\/mans.png\"><\/a><br \/>\nMANS convida a fer un viatge a mons reals i mons fant\u00e0stics. A somiar, a pensar, a escoltar, a riure&#8230; I aix\u00ed es van sentir els infants d&#8217;infantil veient aquest espectacle&hellip;  <a href=\"https:\/\/agora.xtec.cat\/escolapacocandel\/comunitat-de-petits\/espectacle-de-llum-i-ombres-24-1-2022\/\" title=\"Read Espectacle de llum i ombres 24\/1\/2022.\">Llegeix m\u00e9s\u00bb<\/a><\/p>\n","protected":false},"author":1,"featured_media":5788,"comment_status":"open","ping_status":"closed","sticky":false,"template":"","format":"standard","meta":{"_bbp_topic_count":0,"_bbp_reply_count":0,"_bbp_total_topic_count":0,"_bbp_total_reply_count":0,"_bbp_voice_count":0,"_bbp_anonymous_reply_count":0,"_bbp_topic_count_hidden":0,"_bbp_reply_count_hidden":0,"_bbp_forum_subforum_count":0,"footnotes":""},"categories":[128],"tags":[],"class_list":["post-5773","post","type-post","status-publish","format-standard","has-post-thumbnail","hentry","category-comunitat-de-petits"],"post_mailing_queue_ids":[],"_links":{"self":[{"href":"https:\/\/agora.xtec.cat\/escolapacocandel\/wp-json\/wp\/v2\/posts\/5773","targetHints":{"allow":["GET"]}}],"collection":[{"href":"https:\/\/agora.xtec.cat\/escolapacocandel\/wp-json\/wp\/v2\/posts"}],"about":[{"href":"https:\/\/agora.xtec.cat\/escolapacocandel\/wp-json\/wp\/v2\/types\/post"}],"author":[{"embeddable":true,"href":"https:\/\/agora.xtec.cat\/escolapacocandel\/wp-json\/wp\/v2\/users\/1"}],"replies":[{"embeddable":true,"href":"https:\/\/agora.xtec.cat\/escolapacocandel\/wp-json\/wp\/v2\/comments?post=5773"}],"version-history":[{"count":1,"href":"https:\/\/agora.xtec.cat\/escolapacocandel\/wp-json\/wp\/v2\/posts\/5773\/revisions"}],"predecessor-version":[{"id":5796,"href":"https:\/\/agora.xtec.cat\/escolapacocandel\/wp-json\/wp\/v2\/posts\/5773\/revisions\/5796"}],"wp:featuredmedia":[{"embeddable":true,"href":"https:\/\/agora.xtec.cat\/escolapacocandel\/wp-json\/wp\/v2\/media\/5788"}],"wp:attachment":[{"href":"https:\/\/agora.xtec.cat\/escolapacocandel\/wp-json\/wp\/v2\/media?parent=5773"}],"wp:term":[{"taxonomy":"category","embeddable":true,"href":"https:\/\/agora.xtec.cat\/escolapacocandel\/wp-json\/wp\/v2\/categories?post=5773"},{"taxonomy":"post_tag","embeddable":true,"href":"https:\/\/agora.xtec.cat\/escolapacocandel\/wp-json\/wp\/v2\/tags?post=5773"}],"curies":[{"name":"wp","href":"https:\/\/api.w.org\/{rel}","templated":true}]}}