{"id":5748,"date":"2022-02-05T16:42:30","date_gmt":"2022-02-05T15:42:30","guid":{"rendered":"https:\/\/agora.xtec.cat\/escolapacocandel\/?p=5748"},"modified":"2024-01-31T18:19:34","modified_gmt":"2024-01-31T17:19:34","slug":"experimentem","status":"publish","type":"post","link":"https:\/\/agora.xtec.cat\/escolapacocandel\/comunitat-de-mitjans\/experimentem\/","title":{"rendered":"Experimentem!!"},"content":{"rendered":"<p>A les classes de primer hem comen\u00e7at el projecte dels animals i hem gaudit d&#8217;una sessi\u00f3 d&#8217;experimentaci\u00f3<\/p>\n<p><a href=\"https:\/\/agora.xtec.cat\/escolapacocandel\/wp-content\/uploads\/usu332\/2022\/01\/1.jpg\"><img loading=\"lazy\" decoding=\"async\" class=\"alignnone wp-image-5749\" src=\"https:\/\/agora.xtec.cat\/escolapacocandel\/wp-content\/uploads\/usu332\/2022\/01\/1.jpg\" alt=\"\" width=\"354\" height=\"265\" srcset=\"https:\/\/agora.xtec.cat\/escolapacocandel\/wp-content\/uploads\/usu332\/2022\/01\/1.jpg 900w, https:\/\/agora.xtec.cat\/escolapacocandel\/wp-content\/uploads\/usu332\/2022\/01\/1-300x225.jpg 300w, https:\/\/agora.xtec.cat\/escolapacocandel\/wp-content\/uploads\/usu332\/2022\/01\/1-768x576.jpg 768w, https:\/\/agora.xtec.cat\/escolapacocandel\/wp-content\/uploads\/usu332\/2022\/01\/1-200x150.jpg 200w\" sizes=\"auto, (max-width: 354px) 100vw, 354px\" \/><\/a><\/p>\n<p>on hem jugat amb les ombres dels animals,<\/p>\n<p><a href=\"https:\/\/agora.xtec.cat\/escolapacocandel\/wp-content\/uploads\/usu332\/2022\/02\/1.jpg\"><img loading=\"lazy\" decoding=\"async\" class=\"alignnone wp-image-5766\" src=\"https:\/\/agora.xtec.cat\/escolapacocandel\/wp-content\/uploads\/usu332\/2022\/02\/1.jpg\" alt=\"\" width=\"355\" height=\"266\" srcset=\"https:\/\/agora.xtec.cat\/escolapacocandel\/wp-content\/uploads\/usu332\/2022\/02\/1.jpg 900w, https:\/\/agora.xtec.cat\/escolapacocandel\/wp-content\/uploads\/usu332\/2022\/02\/1-300x225.jpg 300w, https:\/\/agora.xtec.cat\/escolapacocandel\/wp-content\/uploads\/usu332\/2022\/02\/1-768x576.jpg 768w, https:\/\/agora.xtec.cat\/escolapacocandel\/wp-content\/uploads\/usu332\/2022\/02\/1-200x150.jpg 200w\" sizes=\"auto, (max-width: 355px) 100vw, 355px\" \/><\/a><\/p>\n<p>amb els animals\u00a0aqu\u00e0tics&#8230;<\/p>\n<p><a href=\"https:\/\/agora.xtec.cat\/escolapacocandel\/wp-content\/uploads\/usu332\/2022\/02\/2.jpg\"><img loading=\"lazy\" decoding=\"async\" class=\"alignnone wp-image-5767\" src=\"https:\/\/agora.xtec.cat\/escolapacocandel\/wp-content\/uploads\/usu332\/2022\/02\/2-1024x604.jpg\" alt=\"\" width=\"364\" height=\"215\" srcset=\"https:\/\/agora.xtec.cat\/escolapacocandel\/wp-content\/uploads\/usu332\/2022\/02\/2-1024x604.jpg 1024w, https:\/\/agora.xtec.cat\/escolapacocandel\/wp-content\/uploads\/usu332\/2022\/02\/2-300x177.jpg 300w, https:\/\/agora.xtec.cat\/escolapacocandel\/wp-content\/uploads\/usu332\/2022\/02\/2-768x453.jpg 768w, https:\/\/agora.xtec.cat\/escolapacocandel\/wp-content\/uploads\/usu332\/2022\/02\/2.jpg 1439w\" sizes=\"auto, (max-width: 364px) 100vw, 364px\" \/><\/a><\/p>\n<p>Alguns terrestres&#8230;<\/p>\n<p><img loading=\"lazy\" decoding=\"async\" class=\"alignnone wp-image-5826\" src=\"https:\/\/agora.xtec.cat\/escolapacocandel\/wp-content\/uploads\/usu332\/2022\/02\/IMG-20220115-WA0020-1-1024x495.jpg\" alt=\"\" width=\"366\" height=\"177\" srcset=\"https:\/\/agora.xtec.cat\/escolapacocandel\/wp-content\/uploads\/usu332\/2022\/02\/IMG-20220115-WA0020-1-1024x495.jpg 1024w, https:\/\/agora.xtec.cat\/escolapacocandel\/wp-content\/uploads\/usu332\/2022\/02\/IMG-20220115-WA0020-1-300x145.jpg 300w, https:\/\/agora.xtec.cat\/escolapacocandel\/wp-content\/uploads\/usu332\/2022\/02\/IMG-20220115-WA0020-1-768x371.jpg 768w, https:\/\/agora.xtec.cat\/escolapacocandel\/wp-content\/uploads\/usu332\/2022\/02\/IMG-20220115-WA0020-1-1536x742.jpg 1536w, https:\/\/agora.xtec.cat\/escolapacocandel\/wp-content\/uploads\/usu332\/2022\/02\/IMG-20220115-WA0020-1.jpg 1854w\" sizes=\"auto, (max-width: 366px) 100vw, 366px\" \/><\/p>\n<p>&nbsp;<\/p>\n<p>Hem pintat els nostres propis animals&#8230;<br \/>\n<a href=\"https:\/\/agora.xtec.cat\/escolapacocandel\/wp-content\/uploads\/usu332\/2022\/01\/2.jpg\"><img loading=\"lazy\" decoding=\"async\" class=\"alignnone wp-image-5750\" src=\"https:\/\/agora.xtec.cat\/escolapacocandel\/wp-content\/uploads\/usu332\/2022\/01\/2.jpg\" alt=\"\" width=\"365\" height=\"274\" srcset=\"https:\/\/agora.xtec.cat\/escolapacocandel\/wp-content\/uploads\/usu332\/2022\/01\/2.jpg 900w, https:\/\/agora.xtec.cat\/escolapacocandel\/wp-content\/uploads\/usu332\/2022\/01\/2-300x225.jpg 300w, https:\/\/agora.xtec.cat\/escolapacocandel\/wp-content\/uploads\/usu332\/2022\/01\/2-768x576.jpg 768w, https:\/\/agora.xtec.cat\/escolapacocandel\/wp-content\/uploads\/usu332\/2022\/01\/2-200x150.jpg 200w\" sizes=\"auto, (max-width: 365px) 100vw, 365px\" \/><\/a><\/p>\n<p>Ens ho hem passat d&#8217;all\u00f2\u00a0m\u00e9s b\u00e9! Si voleu veure m\u00e9s fotos,\u00a0<span class=\"hiddenGreenError\" style=\"padding-bottom: 2px; background-image: url('..\/..\/..\/..\/..\/images\/squiggle_green.png'); background-repeat: repeat-x; background-position: left bottom; cursor: default; color: #000000; font-family: 'Open Sans', Helvetica, Arial, sans-serif; font-size: 16px; font-style: normal; font-variant-ligatures: normal; font-variant-caps: normal; font-weight: 300; letter-spacing: normal; orphans: 2; text-align: start; text-indent: 0px; text-transform: none; white-space: normal; widows: 2; word-spacing: 0px; -webkit-text-stroke-width: 0px; text-decoration-thickness: initial; text-decoration-style: initial; text-decoration-color: initial;\">cliqueu<\/span>\u00a0a l&#8217;enlla\u00e7 d&#8217;aqu\u00ed sota!<\/p>\n<p>&nbsp;<\/p>\n<blockquote class=\"wp-embedded-content\" data-secret=\"aJiuHl2gaI\"><p><a href=\"https:\/\/agora.xtec.cat\/escolapacocandel\/fotos-privat\/fotos-experimentacio\/\">Protegit: FOTOS EXPERIMENTACI\u00d3<\/a><\/p><\/blockquote>\n<p><iframe loading=\"lazy\" class=\"wp-embedded-content\" sandbox=\"allow-scripts\" security=\"restricted\" style=\"position: absolute; clip: rect(1px, 1px, 1px, 1px);\" title=\"&#8220;Protegit: FOTOS EXPERIMENTACI\u00d3&#8221; &#8212; Escola Paco Candel\" src=\"https:\/\/agora.xtec.cat\/escolapacocandel\/fotos-privat\/fotos-experimentacio\/embed\/#?secret=vAPHeEivsq#?secret=aJiuHl2gaI\" data-secret=\"aJiuHl2gaI\" width=\"500\" height=\"282\" frameborder=\"0\" marginwidth=\"0\" marginheight=\"0\" scrolling=\"no\"><\/iframe><\/p>\n","protected":false},"excerpt":{"rendered":"<p>A les classes de primer hem comen\u00e7at el projecte dels animals i hem gaudit d&#8217;una sessi\u00f3 d&#8217;experimentaci\u00f3&hellip;  <a href=\"https:\/\/agora.xtec.cat\/escolapacocandel\/comunitat-de-mitjans\/experimentem\/\" title=\"Read Experimentem!!\">Llegeix m\u00e9s\u00bb<\/a><\/p>\n","protected":false},"author":1,"featured_media":5766,"comment_status":"open","ping_status":"closed","sticky":false,"template":"","format":"standard","meta":{"_bbp_topic_count":0,"_bbp_reply_count":0,"_bbp_total_topic_count":0,"_bbp_total_reply_count":0,"_bbp_voice_count":0,"_bbp_anonymous_reply_count":0,"_bbp_topic_count_hidden":0,"_bbp_reply_count_hidden":0,"_bbp_forum_subforum_count":0,"footnotes":""},"categories":[127,140],"tags":[],"class_list":["post-5748","post","type-post","status-publish","format-standard","has-post-thumbnail","hentry","category-comunitat-de-mitjans","category-1r"],"post_mailing_queue_ids":[],"_links":{"self":[{"href":"https:\/\/agora.xtec.cat\/escolapacocandel\/wp-json\/wp\/v2\/posts\/5748","targetHints":{"allow":["GET"]}}],"collection":[{"href":"https:\/\/agora.xtec.cat\/escolapacocandel\/wp-json\/wp\/v2\/posts"}],"about":[{"href":"https:\/\/agora.xtec.cat\/escolapacocandel\/wp-json\/wp\/v2\/types\/post"}],"author":[{"embeddable":true,"href":"https:\/\/agora.xtec.cat\/escolapacocandel\/wp-json\/wp\/v2\/users\/1"}],"replies":[{"embeddable":true,"href":"https:\/\/agora.xtec.cat\/escolapacocandel\/wp-json\/wp\/v2\/comments?post=5748"}],"version-history":[{"count":4,"href":"https:\/\/agora.xtec.cat\/escolapacocandel\/wp-json\/wp\/v2\/posts\/5748\/revisions"}],"predecessor-version":[{"id":5828,"href":"https:\/\/agora.xtec.cat\/escolapacocandel\/wp-json\/wp\/v2\/posts\/5748\/revisions\/5828"}],"wp:featuredmedia":[{"embeddable":true,"href":"https:\/\/agora.xtec.cat\/escolapacocandel\/wp-json\/wp\/v2\/media\/5766"}],"wp:attachment":[{"href":"https:\/\/agora.xtec.cat\/escolapacocandel\/wp-json\/wp\/v2\/media?parent=5748"}],"wp:term":[{"taxonomy":"category","embeddable":true,"href":"https:\/\/agora.xtec.cat\/escolapacocandel\/wp-json\/wp\/v2\/categories?post=5748"},{"taxonomy":"post_tag","embeddable":true,"href":"https:\/\/agora.xtec.cat\/escolapacocandel\/wp-json\/wp\/v2\/tags?post=5748"}],"curies":[{"name":"wp","href":"https:\/\/api.w.org\/{rel}","templated":true}]}}