{"id":5695,"date":"2022-01-21T11:49:03","date_gmt":"2022-01-21T10:49:03","guid":{"rendered":"https:\/\/agora.xtec.cat\/escolapacocandel\/?p=5695"},"modified":"2024-01-31T18:10:29","modified_gmt":"2024-01-31T17:10:29","slug":"lespai-de-caseta","status":"publish","type":"post","link":"https:\/\/agora.xtec.cat\/escolapacocandel\/comunitat-de-petits\/lespai-de-caseta\/","title":{"rendered":"L&#8217;espai de CASETA"},"content":{"rendered":"<p>Els infants a trav\u00e9s del joc simb\u00f2lic reprodueixen situacions i viv\u00e8ncies relacionades amb el seu entorn m\u00e9s proper, escenes <a href=\"https:\/\/agora.xtec.cat\/escolapacocandel\/wp-content\/uploads\/usu332\/2022\/01\/P1020216_opt.jpg\"><img loading=\"lazy\" decoding=\"async\" class=\"wp-image-5696 alignright\" src=\"https:\/\/agora.xtec.cat\/escolapacocandel\/wp-content\/uploads\/usu332\/2022\/01\/P1020216_opt.jpg\" alt=\"\" width=\"369\" height=\"278\" srcset=\"https:\/\/agora.xtec.cat\/escolapacocandel\/wp-content\/uploads\/usu332\/2022\/01\/P1020216_opt.jpg 400w, https:\/\/agora.xtec.cat\/escolapacocandel\/wp-content\/uploads\/usu332\/2022\/01\/P1020216_opt-300x225.jpg 300w, https:\/\/agora.xtec.cat\/escolapacocandel\/wp-content\/uploads\/usu332\/2022\/01\/P1020216_opt-200x150.jpg 200w\" sizes=\"auto, (max-width: 369px) 100vw, 369px\" \/><\/a>de la vida quotidiana que es donen en un gran escenari com \u00e9s la caseta del pati. Fer de mama o papa, passejar un nad\u00f3 en el cotxet, posar una rentadora o fer de metge, parlar per tel\u00e8fon o fer un past\u00eds s\u00f3n imatges en moviment que es poden contemplar un cop a la setmana en els infants de 3 anys a l&#8217;exterior de l&#8217;escola.<\/p>\n<p><em><strong>&#8220;No hi ha res que els humans fem, coneixem, pensem, esperem o temem, que no hagi estat, assajat, experimentat o al menys anticipat durant l\u2019etapa del joc infantil&#8221;.<\/strong><\/em><\/p>\n<p><em><strong>\u00a0Heidi Britz Crecellus<\/strong><\/em><\/p>\n<p>Podeu veure m\u00e9s fotografies aqui:<\/p>\n<p><a href=\"https:\/\/agora.xtec.cat\/escolapacocandel\/fotos-privat\/lespai-de-la-caseta\/\">L&#8217;espai de la caseta<\/a><\/p>\n","protected":false},"excerpt":{"rendered":"<p>Els infants a trav\u00e9s del joc simb\u00f2lic reprodueixen situacions i viv\u00e8ncies relacionades amb el seu entorn m\u00e9s proper, escenes <a href=\"https:\/\/agora.xtec.cat\/escolapacocandel\/wp-content\/uploads\/usu332\/2022\/01\/P1020216_opt.jpg\"><\/a>de la vida quotidiana que es donen en un gran escenari com \u00e9s la caseta del pati. Fer de mama o papa, passejar un nad\u00f3&hellip;  <a href=\"https:\/\/agora.xtec.cat\/escolapacocandel\/comunitat-de-petits\/lespai-de-caseta\/\" title=\"Read L&#8217;espai de CASETA\">Llegeix m\u00e9s\u00bb<\/a><\/p>\n","protected":false},"author":5,"featured_media":5696,"comment_status":"open","ping_status":"closed","sticky":false,"template":"","format":"standard","meta":{"_bbp_topic_count":0,"_bbp_reply_count":0,"_bbp_total_topic_count":0,"_bbp_total_reply_count":0,"_bbp_voice_count":0,"_bbp_anonymous_reply_count":0,"_bbp_topic_count_hidden":0,"_bbp_reply_count_hidden":0,"_bbp_forum_subforum_count":0,"footnotes":""},"categories":[128],"tags":[],"class_list":["post-5695","post","type-post","status-publish","format-standard","has-post-thumbnail","hentry","category-comunitat-de-petits"],"post_mailing_queue_ids":[],"_links":{"self":[{"href":"https:\/\/agora.xtec.cat\/escolapacocandel\/wp-json\/wp\/v2\/posts\/5695","targetHints":{"allow":["GET"]}}],"collection":[{"href":"https:\/\/agora.xtec.cat\/escolapacocandel\/wp-json\/wp\/v2\/posts"}],"about":[{"href":"https:\/\/agora.xtec.cat\/escolapacocandel\/wp-json\/wp\/v2\/types\/post"}],"author":[{"embeddable":true,"href":"https:\/\/agora.xtec.cat\/escolapacocandel\/wp-json\/wp\/v2\/users\/5"}],"replies":[{"embeddable":true,"href":"https:\/\/agora.xtec.cat\/escolapacocandel\/wp-json\/wp\/v2\/comments?post=5695"}],"version-history":[{"count":4,"href":"https:\/\/agora.xtec.cat\/escolapacocandel\/wp-json\/wp\/v2\/posts\/5695\/revisions"}],"predecessor-version":[{"id":5710,"href":"https:\/\/agora.xtec.cat\/escolapacocandel\/wp-json\/wp\/v2\/posts\/5695\/revisions\/5710"}],"wp:featuredmedia":[{"embeddable":true,"href":"https:\/\/agora.xtec.cat\/escolapacocandel\/wp-json\/wp\/v2\/media\/5696"}],"wp:attachment":[{"href":"https:\/\/agora.xtec.cat\/escolapacocandel\/wp-json\/wp\/v2\/media?parent=5695"}],"wp:term":[{"taxonomy":"category","embeddable":true,"href":"https:\/\/agora.xtec.cat\/escolapacocandel\/wp-json\/wp\/v2\/categories?post=5695"},{"taxonomy":"post_tag","embeddable":true,"href":"https:\/\/agora.xtec.cat\/escolapacocandel\/wp-json\/wp\/v2\/tags?post=5695"}],"curies":[{"name":"wp","href":"https:\/\/api.w.org\/{rel}","templated":true}]}}