{"id":5665,"date":"2022-02-02T10:15:37","date_gmt":"2022-02-02T09:15:37","guid":{"rendered":"https:\/\/agora.xtec.cat\/escolapacocandel\/?p=5665"},"modified":"2024-01-31T18:49:35","modified_gmt":"2024-01-31T17:49:35","slug":"com-son-els-racons-de-llengua","status":"publish","type":"post","link":"https:\/\/agora.xtec.cat\/escolapacocandel\/comunitat-de-mitjans\/com-son-els-racons-de-llengua\/","title":{"rendered":"Com s\u00f3n els racons de llengua?"},"content":{"rendered":"<p style=\"text-align: justify;\">Al Cicle Mitj\u00e0, seguim la mateixa metodologia que Cicle Inicial i per aix\u00f2 els racons de llengua i matem\u00e0tiques continuen. Que s\u00f3n exactament i com \u00e9s el seu funcionament?<\/p>\n<p style=\"text-align: justify;\">El treball per racons \u00e9s una proposta metodol\u00f2gica que proposa delimitar dins l&#8217;aula espais diferents on els i les alumnes poden realitzar de manera simult\u00e0nia diferents activitats. Cada grup-classe est\u00e0 dividit en cinc equips cooperatius i aix\u00ed \u00e9s m\u00e9s f\u00e0cil l&#8217;organitzaci\u00f3 i rotaci\u00f3 de les propostes.<\/p>\n<p style=\"text-align: justify;\">A segon cicle de prim\u00e0ria (cicle mitj\u00e0) seguim amb el treball per racons, endinsant-nos una mica m\u00e9s en el coneixement de l&#8217;\u00e0mbit ling\u00fc\u00edstic i l&#8217;\u00e0mbit matem\u00e0tic. En els espais de racons l&#8217;alumnat es distribueix en cinc equips cooperatius i, a trav\u00e9s del treball en grup, van realitzant diferents tasques. Cada tasca es divideix en dos moments: una part comuna a tot el grup i una part individual.<\/p>\n<p style=\"text-align: justify;\">La part comuna a tot el grup, normalment est\u00e0 formada per material manipulatiu, el qual permet introduir el contingut d&#8217;una manera m\u00e9s visual i din\u00e0mica. Despr\u00e9s tot seguit, hi ha una tasca que es realitza de forma individual i permet fer un recull dels aprenentatges de cada nen o nena. Tot i aix\u00ed, les propostes solen ser molt manipulatives, viduals i competencials. A m\u00e9s, cada rac\u00f3 compta amb activitats graduals i multinivell, \u00e9s a dir, hi ha tres nivells (triangle, quadrat i rodona) i, cada alumne realitza el nivell m\u00e9s adient i ajustat al seu ritme d&#8217;aprenentatge.<\/p>\n<p>Alguns dels objectius d\u2019aquesta estrat\u00e8gia organitzativa s\u00f3n els seg\u00fcents:<\/p>\n<ul>\n<li>Atendre a cada nen\/a de manera individual, respectant els seus interessos i ritme d\u2019aprenentatge.<\/li>\n<li>Afavorir l\u2019autonomia i capacitat d\u2019organitzaci\u00f3 de l&#8217;alumnat-<\/li>\n<li>Afavorir els diferents ritmes de treball i d\u2019ordre.<\/li>\n<li>Educar a persones perqu\u00e8 tinguin criteri propi.<\/li>\n<li>Potenciar les interrelacions.<\/li>\n<\/ul>\n<p style=\"text-align: justify;\">En definitiva \u00e9s una manera de treballar que implica una metodologia m\u00e9s creativa, flexible i adaptada, on el rol del docent \u00e9s guiar i dinamitzar els aprenentatges i proporcionar oportunitats per a qu\u00e8 tots els nens i totes les nenes puguin explorar els centres d&#8217;aprenentatge.<\/p>\n<p>En els racons de llengua, normalment hi ha:<\/p>\n<ul>\n<li>Rac\u00f3 d&#8217;ortografia: permet acabar de consolidar les normes ortogr\u00e0fiques introdu\u00efdes en un teixit d&#8217;aula i en la llibreta d&#8217;escriptor\/es.<\/li>\n<li>Rac\u00f3 Comprensi\u00f3 Lectora: mitjan\u00e7ant diferents materials significatius l&#8217;alumnat ha de buscar la informaci\u00f3 necess\u00e0ria per resoldre la tasca. Normalment s\u00f3n materials que l&#8217;alumnat haur\u00e0 de fer servir en el seu dia a dia. Per exemple: cartells publicitaris, cartellera del cinema, men\u00fa d&#8217;un restaurant&#8230;<\/li>\n<li>Rac\u00f3 Comprensi\u00f3 Oral: a partir de contes populars o de cap\u00edtols de diferents plataformes educatives, l&#8217;alumnat pot reproduir i escoltar en catal\u00e0 o castell\u00e0 diferents \u00e0udios i desenvolupar aix\u00ed la seva comprensi\u00f3 oral. Algunes vegades les respostes s\u00f3n d&#8217;opci\u00f3 m\u00faltiple i d&#8217;altres de resposta lliure, tot depenent de l&#8217;objectiu en concret de l&#8217;activitat.<\/li>\n<li>Rac\u00f3 d&#8217;expressi\u00f3 escrita: permet anar desenvolupant el proc\u00e9s de lectoescriptura i anar assolint de forma gradual els coneixements relacionats amb l&#8217;\u00fas del vocabulari i normes ortogr\u00e0fiques adquirides fins al moment.<\/li>\n<li>Rac\u00f3 d&#8217;\u00fas de la llengua: permet introduir nou vocabulari, frases fetes i d&#8217;altres coneixements, a partir de diferents propostes com poden ser jocs.<\/li>\n<\/ul>\n\n\t\t<style type=\"text\/css\">\n\t\t\t#gallery-1 {\n\t\t\t\tmargin: auto;\n\t\t\t}\n\t\t\t#gallery-1 .gallery-item {\n\t\t\t\tfloat: left;\n\t\t\t\tmargin-top: 10px;\n\t\t\t\ttext-align: center;\n\t\t\t\twidth: 33%;\n\t\t\t}\n\t\t\t#gallery-1 img {\n\t\t\t\tborder: 2px solid #cfcfcf;\n\t\t\t}\n\t\t\t#gallery-1 .gallery-caption {\n\t\t\t\tmargin-left: 0;\n\t\t\t}\n\t\t\t\/* see gallery_shortcode() in wp-includes\/media.php *\/\n\t\t<\/style>\n\t\t<div id='gallery-1' class='gallery galleryid-5665 gallery-columns-3 gallery-size-thumbnail'><dl class='gallery-item'>\n\t\t\t<dt class='gallery-icon landscape'>\n\t\t\t\t<a href='https:\/\/agora.xtec.cat\/escolapacocandel\/comunitat-de-mitjans\/com-son-els-racons-de-llengua\/attachment\/raco-llengua\/'><img loading=\"lazy\" decoding=\"async\" width=\"150\" height=\"150\" src=\"https:\/\/agora.xtec.cat\/escolapacocandel\/wp-content\/uploads\/usu332\/2022\/01\/raco-llengua-150x150.jpg\" class=\"attachment-thumbnail size-thumbnail\" alt=\"\" aria-describedby=\"gallery-1-5666\" srcset=\"https:\/\/agora.xtec.cat\/escolapacocandel\/wp-content\/uploads\/usu332\/2022\/01\/raco-llengua-150x150.jpg 150w, https:\/\/agora.xtec.cat\/escolapacocandel\/wp-content\/uploads\/usu332\/2022\/01\/raco-llengua-300x300.jpg 300w, https:\/\/agora.xtec.cat\/escolapacocandel\/wp-content\/uploads\/usu332\/2022\/01\/raco-llengua-1024x1024.jpg 1024w, https:\/\/agora.xtec.cat\/escolapacocandel\/wp-content\/uploads\/usu332\/2022\/01\/raco-llengua-768x768.jpg 768w, https:\/\/agora.xtec.cat\/escolapacocandel\/wp-content\/uploads\/usu332\/2022\/01\/raco-llengua-1536x1536.jpg 1536w, https:\/\/agora.xtec.cat\/escolapacocandel\/wp-content\/uploads\/usu332\/2022\/01\/raco-llengua.jpg 1800w\" sizes=\"auto, (max-width: 150px) 100vw, 150px\" \/><\/a>\n\t\t\t<\/dt>\n\t\t\t\t<dd class='wp-caption-text gallery-caption' id='gallery-1-5666'>\n\t\t\t\tRac\u00f3 d&#8217;ortografia\n\t\t\t\t<\/dd><\/dl><dl class='gallery-item'>\n\t\t\t<dt class='gallery-icon landscape'>\n\t\t\t\t<a href='https:\/\/agora.xtec.cat\/escolapacocandel\/comunitat-de-mitjans\/com-son-els-racons-de-llengua\/attachment\/racons-llengua-2\/'><img loading=\"lazy\" decoding=\"async\" width=\"150\" height=\"150\" src=\"https:\/\/agora.xtec.cat\/escolapacocandel\/wp-content\/uploads\/usu332\/2022\/01\/racons-llengua-2-150x150.jpg\" class=\"attachment-thumbnail size-thumbnail\" alt=\"\" aria-describedby=\"gallery-1-5667\" \/><\/a>\n\t\t\t<\/dt>\n\t\t\t\t<dd class='wp-caption-text gallery-caption' id='gallery-1-5667'>\n\t\t\t\tRac\u00f3 Comprensi\u00f3 Lectora\n\t\t\t\t<\/dd><\/dl><dl class='gallery-item'>\n\t\t\t<dt class='gallery-icon landscape'>\n\t\t\t\t<a href='https:\/\/agora.xtec.cat\/escolapacocandel\/comunitat-de-mitjans\/com-son-els-racons-de-llengua\/attachment\/racons-llengua-co\/'><img loading=\"lazy\" decoding=\"async\" width=\"150\" height=\"150\" src=\"https:\/\/agora.xtec.cat\/escolapacocandel\/wp-content\/uploads\/usu332\/2022\/01\/racons-llengua-co-150x150.jpg\" class=\"attachment-thumbnail size-thumbnail\" alt=\"\" aria-describedby=\"gallery-1-5668\" \/><\/a>\n\t\t\t<\/dt>\n\t\t\t\t<dd class='wp-caption-text gallery-caption' id='gallery-1-5668'>\n\t\t\t\tRac\u00f3 Comprensi\u00f3 Oral\n\t\t\t\t<\/dd><\/dl><br style=\"clear: both\" \/>\n\t\t<\/div>\n\n","protected":false},"excerpt":{"rendered":"<p>Al Cicle Mitj\u00e0, seguim la mateixa metodologia que Cicle Inicial i per aix\u00f2 els racons de llengua i matem\u00e0tiques continuen. Que s\u00f3n exactament i com \u00e9s el seu funcionament?<br \/>\nEl treball per racons \u00e9s una proposta metodol\u00f2gica que proposa delimitar dins l&#8217;aula espais diferents on els&hellip;  <a href=\"https:\/\/agora.xtec.cat\/escolapacocandel\/comunitat-de-mitjans\/com-son-els-racons-de-llengua\/\" title=\"Read Com s\u00f3n els racons de llengua?\">Llegeix m\u00e9s\u00bb<\/a><\/p>\n","protected":false},"author":18,"featured_media":5668,"comment_status":"open","ping_status":"closed","sticky":false,"template":"","format":"standard","meta":{"_bbp_topic_count":0,"_bbp_reply_count":0,"_bbp_total_topic_count":0,"_bbp_total_reply_count":0,"_bbp_voice_count":0,"_bbp_anonymous_reply_count":0,"_bbp_topic_count_hidden":0,"_bbp_reply_count_hidden":0,"_bbp_forum_subforum_count":0,"footnotes":""},"categories":[127,141],"tags":[],"class_list":["post-5665","post","type-post","status-publish","format-standard","has-post-thumbnail","hentry","category-comunitat-de-mitjans","category-3r"],"post_mailing_queue_ids":[],"_links":{"self":[{"href":"https:\/\/agora.xtec.cat\/escolapacocandel\/wp-json\/wp\/v2\/posts\/5665","targetHints":{"allow":["GET"]}}],"collection":[{"href":"https:\/\/agora.xtec.cat\/escolapacocandel\/wp-json\/wp\/v2\/posts"}],"about":[{"href":"https:\/\/agora.xtec.cat\/escolapacocandel\/wp-json\/wp\/v2\/types\/post"}],"author":[{"embeddable":true,"href":"https:\/\/agora.xtec.cat\/escolapacocandel\/wp-json\/wp\/v2\/users\/18"}],"replies":[{"embeddable":true,"href":"https:\/\/agora.xtec.cat\/escolapacocandel\/wp-json\/wp\/v2\/comments?post=5665"}],"version-history":[{"count":1,"href":"https:\/\/agora.xtec.cat\/escolapacocandel\/wp-json\/wp\/v2\/posts\/5665\/revisions"}],"predecessor-version":[{"id":5669,"href":"https:\/\/agora.xtec.cat\/escolapacocandel\/wp-json\/wp\/v2\/posts\/5665\/revisions\/5669"}],"wp:featuredmedia":[{"embeddable":true,"href":"https:\/\/agora.xtec.cat\/escolapacocandel\/wp-json\/wp\/v2\/media\/5668"}],"wp:attachment":[{"href":"https:\/\/agora.xtec.cat\/escolapacocandel\/wp-json\/wp\/v2\/media?parent=5665"}],"wp:term":[{"taxonomy":"category","embeddable":true,"href":"https:\/\/agora.xtec.cat\/escolapacocandel\/wp-json\/wp\/v2\/categories?post=5665"},{"taxonomy":"post_tag","embeddable":true,"href":"https:\/\/agora.xtec.cat\/escolapacocandel\/wp-json\/wp\/v2\/tags?post=5665"}],"curies":[{"name":"wp","href":"https:\/\/api.w.org\/{rel}","templated":true}]}}