{"id":5636,"date":"2022-01-13T13:52:48","date_gmt":"2022-01-13T12:52:48","guid":{"rendered":"https:\/\/agora.xtec.cat\/escolapacocandel\/?p=5636"},"modified":"2024-01-31T18:49:47","modified_gmt":"2024-01-31T17:49:47","slug":"com-es-el-nostre-cos","status":"publish","type":"post","link":"https:\/\/agora.xtec.cat\/escolapacocandel\/comunitat-de-mitjans\/com-es-el-nostre-cos\/","title":{"rendered":"Com \u00e9s el nostre cos?"},"content":{"rendered":"<p>Iniciem un nou trimestre i un nou projecte!<\/p>\n<p>Per poder presentar aquest nou projecte a l&#8217;alumnat de 3r, es van presentar, en diferents espais de l&#8217;aula, un gran ventall de materials (maquetes, llibres,&#8230;) relacionats amb el cos hum\u00e0. A partir d&#8217;aquests materials, els nens i les nenes van poder manipular, investigar i fer-se preguntes entre ells i elles. En finalitzar aquesta estona, en gran grup, es van plantejar preguntes per arribar al tema del projecte: el cos hum\u00e0.<\/p>\n<p>Van poder fer-se preguntes, exposar quins s\u00f3n els seus interessos respecte al tema i els seus dubtes sobre el cos hum\u00e0, el seu funcionament i com funciona.<\/p>\n<p>Els hi va agrada molt poder con\u00e8ixer amb detall certs \u00f2rgans a partir de les maquetes. Van poder manipular-les, mirar amb deteniment les seves parts i comparar informaci\u00f3 amb els llibres que es proposaven.<\/p>\n<p>Va ser una estona molt positiva i a m\u00e9s a m\u00e9s van poder con\u00e8ixer els nous equips de treball cooperatiu.<\/p>\n<p>Us anirem explicant com es desenvolupa aquest projecte!<\/p>\n<blockquote class=\"wp-embedded-content\" data-secret=\"1OGv81TSc9\"><p><a href=\"https:\/\/agora.xtec.cat\/escolapacocandel\/fotos-privat\/comencem-un-nou-projecte\/\">Protegit: Comencem un nou projecte!<\/a><\/p><\/blockquote>\n<p><iframe loading=\"lazy\" class=\"wp-embedded-content\" sandbox=\"allow-scripts\" security=\"restricted\" style=\"position: absolute; clip: rect(1px, 1px, 1px, 1px);\" title=\"&#8220;Protegit: Comencem un nou projecte!&#8221; &#8212; Escola Paco Candel\" src=\"https:\/\/agora.xtec.cat\/escolapacocandel\/fotos-privat\/comencem-un-nou-projecte\/embed\/#?secret=EntB1HnvpX#?secret=1OGv81TSc9\" data-secret=\"1OGv81TSc9\" width=\"500\" height=\"282\" frameborder=\"0\" marginwidth=\"0\" marginheight=\"0\" scrolling=\"no\"><\/iframe><\/p>\n","protected":false},"excerpt":{"rendered":"<p>Iniciem un nou trimestre i un nou projecte!<br \/>\nPer poder presentar aquest nou projecte a l&#8217;alumnat de 3r, es van presentar, en diferents espais de l&#8217;aula, un gran ventall de materials (maquetes, llibres,&#8230;) relacionats amb el cos hum\u00e0. A partir d&#8217;aquests materials, els nens i les&hellip;  <a href=\"https:\/\/agora.xtec.cat\/escolapacocandel\/comunitat-de-mitjans\/com-es-el-nostre-cos\/\" title=\"Read Com \u00e9s el nostre cos?\">Llegeix m\u00e9s\u00bb<\/a><\/p>\n","protected":false},"author":18,"featured_media":5659,"comment_status":"open","ping_status":"closed","sticky":false,"template":"","format":"standard","meta":{"_bbp_topic_count":0,"_bbp_reply_count":0,"_bbp_total_topic_count":0,"_bbp_total_reply_count":0,"_bbp_voice_count":0,"_bbp_anonymous_reply_count":0,"_bbp_topic_count_hidden":0,"_bbp_reply_count_hidden":0,"_bbp_forum_subforum_count":0,"footnotes":""},"categories":[127,141],"tags":[],"class_list":["post-5636","post","type-post","status-publish","format-standard","has-post-thumbnail","hentry","category-comunitat-de-mitjans","category-3r"],"post_mailing_queue_ids":[],"_links":{"self":[{"href":"https:\/\/agora.xtec.cat\/escolapacocandel\/wp-json\/wp\/v2\/posts\/5636","targetHints":{"allow":["GET"]}}],"collection":[{"href":"https:\/\/agora.xtec.cat\/escolapacocandel\/wp-json\/wp\/v2\/posts"}],"about":[{"href":"https:\/\/agora.xtec.cat\/escolapacocandel\/wp-json\/wp\/v2\/types\/post"}],"author":[{"embeddable":true,"href":"https:\/\/agora.xtec.cat\/escolapacocandel\/wp-json\/wp\/v2\/users\/18"}],"replies":[{"embeddable":true,"href":"https:\/\/agora.xtec.cat\/escolapacocandel\/wp-json\/wp\/v2\/comments?post=5636"}],"version-history":[{"count":1,"href":"https:\/\/agora.xtec.cat\/escolapacocandel\/wp-json\/wp\/v2\/posts\/5636\/revisions"}],"predecessor-version":[{"id":5644,"href":"https:\/\/agora.xtec.cat\/escolapacocandel\/wp-json\/wp\/v2\/posts\/5636\/revisions\/5644"}],"wp:featuredmedia":[{"embeddable":true,"href":"https:\/\/agora.xtec.cat\/escolapacocandel\/wp-json\/wp\/v2\/media\/5659"}],"wp:attachment":[{"href":"https:\/\/agora.xtec.cat\/escolapacocandel\/wp-json\/wp\/v2\/media?parent=5636"}],"wp:term":[{"taxonomy":"category","embeddable":true,"href":"https:\/\/agora.xtec.cat\/escolapacocandel\/wp-json\/wp\/v2\/categories?post=5636"},{"taxonomy":"post_tag","embeddable":true,"href":"https:\/\/agora.xtec.cat\/escolapacocandel\/wp-json\/wp\/v2\/tags?post=5636"}],"curies":[{"name":"wp","href":"https:\/\/api.w.org\/{rel}","templated":true}]}}