{"id":5626,"date":"2022-01-13T13:33:13","date_gmt":"2022-01-13T12:33:13","guid":{"rendered":"https:\/\/agora.xtec.cat\/escolapacocandel\/?p=5626"},"modified":"2024-01-31T18:50:18","modified_gmt":"2024-01-31T17:50:18","slug":"sortida-projecte-laser-tag","status":"publish","type":"post","link":"https:\/\/agora.xtec.cat\/escolapacocandel\/comunitat-de-mitjans\/sortida-projecte-laser-tag\/","title":{"rendered":"Sortida projecte &#8211; L\u00e0ser Tag"},"content":{"rendered":"<p>Ahir dimecres 13 de gener, la classe dels somnis va poder fer la sortida del projecte: Els somnis.<\/p>\n<p>Van passar un dia molt divertit, ple d&#8217;emocions. Van realitzar dues partides de L\u00e0ser Tag. Es van fer diferents equips i cadascun d&#8217;aquests va competir entre ells i elles. Aquesta sortida estava relacionada amb el projecte del primer trimestre i el nom de la classe: Els somnis.<\/p>\n<p>Per poder relacionar la sortida amb el projecte, l&#8217;alumnat va poder treballar i aprendre a fer descripcions de personatges fant\u00e0stics, que despr\u00e9s van poder escollir en el L\u00e0ser Tag. D&#8217;aquesta manera, van poder somiar quin seria el seu personatge fant\u00e0stic i convertir-se en ells durant una estona.<\/p>\n<p>Tamb\u00e9 aprofitant aquesta sortida, l&#8217;alumnat va poder viure l&#8217;experi\u00e8ncia de fer servir el transport p\u00fablic i programar la seva sortida i el recorregut que far\u00edem fins arribar. Van decidir passar per davant de la Sagrada fam\u00edlia i passar una estona a un parc del costat.<\/p>\n<blockquote class=\"wp-embedded-content\" data-secret=\"DD7wQc08pW\"><p><a href=\"https:\/\/agora.xtec.cat\/escolapacocandel\/fotos-privat\/sortida-laser-tag\/\">Protegit: Sortida Laser Tag<\/a><\/p><\/blockquote>\n<p><iframe loading=\"lazy\" class=\"wp-embedded-content\" sandbox=\"allow-scripts\" security=\"restricted\" style=\"position: absolute; clip: rect(1px, 1px, 1px, 1px);\" title=\"&#8220;Protegit: Sortida Laser Tag&#8221; &#8212; Escola Paco Candel\" src=\"https:\/\/agora.xtec.cat\/escolapacocandel\/fotos-privat\/sortida-laser-tag\/embed\/#?secret=3iU3XSBvn4#?secret=DD7wQc08pW\" data-secret=\"DD7wQc08pW\" width=\"500\" height=\"282\" frameborder=\"0\" marginwidth=\"0\" marginheight=\"0\" scrolling=\"no\"><\/iframe><\/p>\n","protected":false},"excerpt":{"rendered":"<p>Ahir dimecres 13 de gener, la classe dels somnis va poder fer la sortida del projecte: Els somnis.<br \/>\nVan passar un dia molt divertit, ple d&#8217;emocions. Van realitzar dues partides de L\u00e0ser Tag. Es van fer diferents equips i cadascun d&#8217;aquests va competir entre ells i&hellip;  <a href=\"https:\/\/agora.xtec.cat\/escolapacocandel\/comunitat-de-mitjans\/sortida-projecte-laser-tag\/\" title=\"Read Sortida projecte &#8211; L\u00e0ser Tag\">Llegeix m\u00e9s\u00bb<\/a><\/p>\n","protected":false},"author":18,"featured_media":5630,"comment_status":"open","ping_status":"closed","sticky":false,"template":"","format":"standard","meta":{"_bbp_topic_count":0,"_bbp_reply_count":0,"_bbp_total_topic_count":0,"_bbp_total_reply_count":0,"_bbp_voice_count":0,"_bbp_anonymous_reply_count":0,"_bbp_topic_count_hidden":0,"_bbp_reply_count_hidden":0,"_bbp_forum_subforum_count":0,"footnotes":""},"categories":[127,141],"tags":[],"class_list":["post-5626","post","type-post","status-publish","format-standard","has-post-thumbnail","hentry","category-comunitat-de-mitjans","category-3r"],"post_mailing_queue_ids":[],"_links":{"self":[{"href":"https:\/\/agora.xtec.cat\/escolapacocandel\/wp-json\/wp\/v2\/posts\/5626","targetHints":{"allow":["GET"]}}],"collection":[{"href":"https:\/\/agora.xtec.cat\/escolapacocandel\/wp-json\/wp\/v2\/posts"}],"about":[{"href":"https:\/\/agora.xtec.cat\/escolapacocandel\/wp-json\/wp\/v2\/types\/post"}],"author":[{"embeddable":true,"href":"https:\/\/agora.xtec.cat\/escolapacocandel\/wp-json\/wp\/v2\/users\/18"}],"replies":[{"embeddable":true,"href":"https:\/\/agora.xtec.cat\/escolapacocandel\/wp-json\/wp\/v2\/comments?post=5626"}],"version-history":[{"count":1,"href":"https:\/\/agora.xtec.cat\/escolapacocandel\/wp-json\/wp\/v2\/posts\/5626\/revisions"}],"predecessor-version":[{"id":5631,"href":"https:\/\/agora.xtec.cat\/escolapacocandel\/wp-json\/wp\/v2\/posts\/5626\/revisions\/5631"}],"wp:featuredmedia":[{"embeddable":true,"href":"https:\/\/agora.xtec.cat\/escolapacocandel\/wp-json\/wp\/v2\/media\/5630"}],"wp:attachment":[{"href":"https:\/\/agora.xtec.cat\/escolapacocandel\/wp-json\/wp\/v2\/media?parent=5626"}],"wp:term":[{"taxonomy":"category","embeddable":true,"href":"https:\/\/agora.xtec.cat\/escolapacocandel\/wp-json\/wp\/v2\/categories?post=5626"},{"taxonomy":"post_tag","embeddable":true,"href":"https:\/\/agora.xtec.cat\/escolapacocandel\/wp-json\/wp\/v2\/tags?post=5626"}],"curies":[{"name":"wp","href":"https:\/\/api.w.org\/{rel}","templated":true}]}}